{"id":32481,"date":"2025-05-13T03:03:58","date_gmt":"2025-05-13T03:03:58","guid":{"rendered":"https:\/\/icoinformativo.mx\/home\/?p=32481"},"modified":"2025-05-13T03:03:58","modified_gmt":"2025-05-13T03:03:58","slug":"se-realiza-en-cecytech-sesion-academica-para-validar-propuestas-curriculares-en-chiapas","status":"publish","type":"post","link":"https:\/\/icoinformativo.mx\/home\/?p=32481","title":{"rendered":"Se realiza en Cecytech sesi\u00f3n acad\u00e9mica para validar propuestas curriculares en Chiapas"},"content":{"rendered":"<p>Cecytech fue sede de la sesi\u00f3n extraordinaria de la CEPPEMS para validar propuestas curriculares del nivel medio superior<\/p>\n<p>\u2022 Subsistemas educativos en Chiapas coordinan esfuerzos para fortalecer la educaci\u00f3n media superior<\/p>\n<p>&nbsp;<\/p>\n<p>Tuxtla Guti\u00e9rrez, Chiapas.\u2013 En el Colegio de Estudios Cient\u00edficos y Tecnol\u00f3gicos del Estado de Chiapas (Cecytech) se llev\u00f3 a cabo la Primera Sesi\u00f3n Extraordinaria de la Subcomisi\u00f3n Permanente Acad\u00e9mica de la Comisi\u00f3n Estatal para la Planeaci\u00f3n y Programaci\u00f3n de la Educaci\u00f3n Media Superior (CEPPEMS), con el objetivo de analizar, validar y dictaminar la propuesta curricular correspondiente a la oferta educativa de las escuelas preparatorias proped\u00e9uticas, agropecuarias y bivalentes, en el marco de la implementaci\u00f3n del Nuevo Marco Curricular Com\u00fan de la Direcci\u00f3n de Educaci\u00f3n Media Superior.<\/p>\n<p>&nbsp;<\/p>\n<p>La reuni\u00f3n, realizada en la Sala de Medios \u201cMtra. Carmen V\u00e1zquez Hern\u00e1ndez\u201d del Colegio, fue presidida por Jos\u00e9 Adri\u00e1n Brindis Bautista, director de Educaci\u00f3n Media Superior, en representaci\u00f3n del secretario de Educaci\u00f3n del Estado, Roger Adri\u00e1n Mandujano Ayala, quien transmiti\u00f3 el compromiso del Gobierno del Estado con el fortalecimiento del sistema educativo mediante el trabajo conjunto entre los subsistemas y una visi\u00f3n humanista e incluyente para la transformaci\u00f3n de la educaci\u00f3n media superior en Chiapas.<\/p>\n<p>&nbsp;<\/p>\n<p>A su vez, el director general del Cecytech y coordinador de la Subcomisi\u00f3n Acad\u00e9mica, Luis Guadalupe Morales \u00c1ngeles, subray\u00f3 la responsabilidad compartida para garantizar que los planes de estudio respondan a las necesidades de las y los j\u00f3venes chiapanecos.<\/p>\n<p>&nbsp;<\/p>\n<p>Asimismo, destac\u00f3 que esta sesi\u00f3n refleja el compromiso del gobernador Eduardo Ram\u00edrez Aguilar con el fortalecimiento del sistema educativo estatal, e hizo un llamado a la unidad y coordinaci\u00f3n entre subsistemas para construir una educaci\u00f3n media superior m\u00e1s s\u00f3lida, incluyente y con sentido social.<\/p>\n<p>&nbsp;<\/p>\n<p>Durante la sesi\u00f3n tambi\u00e9n se entreg\u00f3 el calendario oficial de actividades de la Subcomisi\u00f3n, el cual permitir\u00e1 dar seguimiento continuo a los procesos de evaluaci\u00f3n y mejora de la oferta educativa estatal.<\/p>\n<p>&nbsp;<\/p>\n<p>A esta sesi\u00f3n acudieron representantes de instituciones clave del nivel medio superior en Chiapas, como la Subsecretar\u00eda de Educaci\u00f3n Media Superior de la SEP, el Instituto de Evaluaci\u00f3n, Profesionalizaci\u00f3n y Promoci\u00f3n Docente, la Direcci\u00f3n General de Educaci\u00f3n Tecnol\u00f3gica Industrial (DGETI), el Bachillerato Icach-Unicach, el Conalep, la DGETAyCM, la Direcci\u00f3n General de CECATI, la Agencia Digital Tecnol\u00f3gica del Estado (Aditech), el Colegio de Bachilleres de Chiapas (Cobach), el Instituto de Capacitaci\u00f3n y Vinculaci\u00f3n Tecnol\u00f3gica (Icatech) y el Centro de Estudios de Bachillerato CEB 6\/3 de Tecpat\u00e1n, quienes con su participaci\u00f3n reafirman el compromiso interinstitucional por consolidar una educaci\u00f3n media superior de calidad en el estado.<\/p>\n","protected":false},"excerpt":{"rendered":"<p>Cecytech fue sede de la sesi\u00f3n extraordinaria de la CEPPEMS para validar propuestas curriculares del&#8230;<\/p>\n","protected":false},"author":2,"featured_media":32482,"comment_status":"closed","ping_status":"closed","sticky":false,"template":"","format":"standard","meta":{"_joinchat":[],"footnotes":""},"categories":[18,1,2,3],"tags":[],"class_list":["post-32481","post","type-post","status-publish","format-standard","has-post-thumbnail","hentry","category-almomento","category-boletin","category-estado","category-health"],"_links":{"self":[{"href":"https:\/\/icoinformativo.mx\/home\/index.php?rest_route=\/wp\/v2\/posts\/32481","targetHints":{"allow":["GET"]}}],"collection":[{"href":"https:\/\/icoinformativo.mx\/home\/index.php?rest_route=\/wp\/v2\/posts"}],"about":[{"href":"https:\/\/icoinformativo.mx\/home\/index.php?rest_route=\/wp\/v2\/types\/post"}],"author":[{"embeddable":true,"href":"https:\/\/icoinformativo.mx\/home\/index.php?rest_route=\/wp\/v2\/users\/2"}],"replies":[{"embeddable":true,"href":"https:\/\/icoinformativo.mx\/home\/index.php?rest_route=%2Fwp%2Fv2%2Fcomments&post=32481"}],"version-history":[{"count":1,"href":"https:\/\/icoinformativo.mx\/home\/index.php?rest_route=\/wp\/v2\/posts\/32481\/revisions"}],"predecessor-version":[{"id":32483,"href":"https:\/\/icoinformativo.mx\/home\/index.php?rest_route=\/wp\/v2\/posts\/32481\/revisions\/32483"}],"wp:featuredmedia":[{"embeddable":true,"href":"https:\/\/icoinformativo.mx\/home\/index.php?rest_route=\/wp\/v2\/media\/32482"}],"wp:attachment":[{"href":"https:\/\/icoinformativo.mx\/home\/index.php?rest_route=%2Fwp%2Fv2%2Fmedia&parent=32481"}],"wp:term":[{"taxonomy":"category","embeddable":true,"href":"https:\/\/icoinformativo.mx\/home\/index.php?rest_route=%2Fwp%2Fv2%2Fcategories&post=32481"},{"taxonomy":"post_tag","embeddable":true,"href":"https:\/\/icoinformativo.mx\/home\/index.php?rest_route=%2Fwp%2Fv2%2Ftags&post=32481"}],"curies":[{"name":"wp","href":"https:\/\/api.w.org\/{rel}","templated":true}]}}