{"id":32478,"date":"2025-05-13T03:02:47","date_gmt":"2025-05-13T03:02:47","guid":{"rendered":"https:\/\/icoinformativo.mx\/home\/?p=32478"},"modified":"2025-05-13T03:02:47","modified_gmt":"2025-05-13T03:02:47","slug":"queda-instalado-el-sector-estrategico-de-planeacion-de-educacion-en-chiapas","status":"publish","type":"post","link":"https:\/\/icoinformativo.mx\/home\/?p=32478","title":{"rendered":"Queda instalado el Sector Estrat\u00e9gico de Planeaci\u00f3n de Educaci\u00f3n en Chiapas"},"content":{"rendered":"<p>&nbsp;<\/p>\n<p>\u2022 Encabeza Juan Carlos G\u00f3mez Aranda, coordinador de Asesores del Ejecutivo Estatal, la entrega de nombramientos y toma de protesta de sus integrantes<\/p>\n<p>&nbsp;<\/p>\n<p>Tuxtla Guti\u00e9rrez.\u2013 El Centro de Estudios Tecnol\u00f3gicos y Educativos (CETE) de la Secretar\u00eda de Educaci\u00f3n fue sede este lunes de la instalaci\u00f3n, conformaci\u00f3n de grupos de trabajo, entrega de nombramientos y toma de protesta de los integrantes del Sector Estrat\u00e9gico de Planeaci\u00f3n de Educaci\u00f3n en Chiapas.<\/p>\n<p>&nbsp;<\/p>\n<p>El evento estuvo encabezado por el coordinador de Asesores del Ejecutivo Estatal, Juan Carlos G\u00f3mez Aranda; el titular de la Oficina de Enlace Educativo de la SEP en Chiapas, Ra\u00fal Eduardo Bonifaz Moedano y la coordinadora ejecutiva de la Secretar\u00eda de Educaci\u00f3n, Milena Arellanes Pinto, en representaci\u00f3n del secretario de Educaci\u00f3n y coordinador del Sector Estrat\u00e9gico de Planeaci\u00f3n de Educaci\u00f3n, Roger Mandujano Ayala.<\/p>\n<p>&nbsp;<\/p>\n<p>En este marco, Milena Arellanes Pinto, coordinadora suplente de este sector, explic\u00f3 que dicha instancia tendr\u00e1 como prop\u00f3sito asegurar que el sistema educativo de la regi\u00f3n se desarrolle de manera eficiente y equitativa, respondiendo a las necesidades sociales, econ\u00f3micas y culturales del entorno, a trav\u00e9s del buen trabajo colaborativo entre las instituciones que lo integran.<\/p>\n<p>&nbsp;<\/p>\n<p>Detall\u00f3 que, adem\u00e1s, tendr\u00e1 la tarea de formular, implementar y dar seguimiento a las pol\u00edticas educativas que contribuyan al desarrollo integral de la sociedad, garantizando una educaci\u00f3n de calidad para todos, siguiendo siempre el proyecto transformador instruido por el gobernador Eduardo Ram\u00edrez, fortaleciendo el di\u00e1logo intercultural y fomentando la armon\u00eda y el valor de la diversidad.<\/p>\n<p>&nbsp;<\/p>\n<p>\u201cLa Nueva ERA que vive Chiapas exige el dise\u00f1o e implementaci\u00f3n de nuevas estrategias de trabajo, di\u00e1logo permanente, suma de esfuerzos, direcci\u00f3n clara, visi\u00f3n a largo plazo y, especialmente, promover una planeaci\u00f3n humanista, donde lo m\u00e1s importante sea el bienestar integral de cada chiapaneco a fin de combatir la desigualdad educativa\u201d, concluy\u00f3.<\/p>\n<p>&nbsp;<\/p>\n<p>Al respecto, Juan Carlos G\u00f3mez Aranda record\u00f3 que el gobernador Eduardo Ram\u00edrez se dedic\u00f3 durante los primeros meses de su gobierno a la restauraci\u00f3n de la paz como un requisito para ver florecer los sectores productivos, econ\u00f3micos y culturales del estado; y que, una vez avanzado en ese aspecto, es imperante que hoy, con ese mismo \u00edmpetu, se promueva el desarrollo y la prosperidad.<\/p>\n<p>&nbsp;<\/p>\n<p>\u201cPero no se puede hablar de transformaci\u00f3n y humanismo si no se ponen en el centro los esfuerzos por la educaci\u00f3n, por ello, en el Plan Estatal de Desarrollo que el gobernador propuso y aprobara el Congreso Estatal, se ubic\u00f3 en el centro el tema que hoy nos congrega y es por lo que desde este grupo de trabajo, se deber\u00e1 redise\u00f1ar la oferta educativa para elevar la competitividad de nuestro estado, asumir los retos que implican los tiempos actuales, as\u00ed como los grandes proyectos regionales\u201d, refiri\u00f3.<\/p>\n<p>&nbsp;<\/p>\n<p>Subray\u00f3 que la educaci\u00f3n es uno de los ejes fundamentales del humanismo transformador que impulsa Eduardo Ram\u00edrez; dijo que el programa Chiapas Puede est\u00e1 cosechando ya los primeros frutos al lograr la alfabetizaci\u00f3n de cientos de personas con buenas perspectivas para cumplir las metas anuales, siendo una de las estrategias de mayor alcance y contenido del presente sexenio que est\u00e1 dotando a la gente con una herramienta clave que mejorar\u00e1 su calidad de vida.<\/p>\n<p>&nbsp;<\/p>\n<p>Finalmente, Invit\u00f3 a seguir prepar\u00e1ndose para las siguientes etapas, a fortalecer la calidad educativa, a mantener una mayor vinculaci\u00f3n con el sector productivo y fomentar habilidades digitales para estar a tiempo con el mundo global; \u201cBajo el liderazgo de Eduardo Ram\u00edrez cumpliremos la meta, y en el 2030 seguramente ustedes, los funcionarios y los maestros de Chiapas, dar\u00e1n muy buenas cuentas\u201d, recalc\u00f3.<\/p>\n<p>&nbsp;<\/p>\n<p>Acto seguido, el coordinador de asesores procedi\u00f3 a tomar protesta y entregar los nombramientos a los titulares de las siguientes comisiones de trabajo: \u201cChiapas puede, alfabetizaci\u00f3n para el desarrollo humanista\u201d, coordinado por Sergio David Molina G\u00f3mez; \u201cEficiencia terminal en educaci\u00f3n b\u00e1sica con humanismo transformador\u201d, coordinado por Gilberto de los Santos Cruz; \u201cEducaci\u00f3n media superior con humanismo transformador para j\u00f3venes con m\u00e1s y mejores oportunidades\u201d, coordinado por Miguel Prado de los Santos; \u201cMayor acceso a la educaci\u00f3n superior para el desarrollo sostenible\u201d, coordinado por Oswaldo Chac\u00f3n Rojas.<\/p>\n<p>&nbsp;<\/p>\n<p>De igual manera, a los titulares de las comisiones: \u201cFortalecimiento a la infraestructura f\u00edsica educativa con prioridad en municipios con mayor marginaci\u00f3n\u201d, coordinado por Carlos Idelfonso Jim\u00e9nez Trujillo; \u201cDesarrollo cient\u00edfico y tecnol\u00f3gico para la transformaci\u00f3n humanista\u201d, coordinado por Alexander Jovani Salazar Ruiz; \u201cPreservaci\u00f3n de las culturas e identidades de los pueblos\u201d, coordinado por Ang\u00e9lica Guadalupe Altuzar Constantino.<\/p>\n<p>&nbsp;<\/p>\n<p>Para concluir, el Sector Estrat\u00e9gico de Planeaci\u00f3n de Educaci\u00f3n realiz\u00f3 sus primeras actividades, destac\u00e1ndose entre ellas la Validaci\u00f3n Sectorial del Programa de Trabajo 2025 y Validaci\u00f3n Sectorial del Documento del PED 2025-2030.<\/p>\n","protected":false},"excerpt":{"rendered":"<p>&nbsp; \u2022 Encabeza Juan Carlos G\u00f3mez Aranda, coordinador de Asesores del Ejecutivo Estatal, la entrega&#8230;<\/p>\n","protected":false},"author":2,"featured_media":32479,"comment_status":"closed","ping_status":"closed","sticky":false,"template":"","format":"standard","meta":{"_joinchat":[],"footnotes":""},"categories":[18,1,2,3],"tags":[],"class_list":["post-32478","post","type-post","status-publish","format-standard","has-post-thumbnail","hentry","category-almomento","category-boletin","category-estado","category-health"],"_links":{"self":[{"href":"https:\/\/icoinformativo.mx\/home\/index.php?rest_route=\/wp\/v2\/posts\/32478","targetHints":{"allow":["GET"]}}],"collection":[{"href":"https:\/\/icoinformativo.mx\/home\/index.php?rest_route=\/wp\/v2\/posts"}],"about":[{"href":"https:\/\/icoinformativo.mx\/home\/index.php?rest_route=\/wp\/v2\/types\/post"}],"author":[{"embeddable":true,"href":"https:\/\/icoinformativo.mx\/home\/index.php?rest_route=\/wp\/v2\/users\/2"}],"replies":[{"embeddable":true,"href":"https:\/\/icoinformativo.mx\/home\/index.php?rest_route=%2Fwp%2Fv2%2Fcomments&post=32478"}],"version-history":[{"count":1,"href":"https:\/\/icoinformativo.mx\/home\/index.php?rest_route=\/wp\/v2\/posts\/32478\/revisions"}],"predecessor-version":[{"id":32480,"href":"https:\/\/icoinformativo.mx\/home\/index.php?rest_route=\/wp\/v2\/posts\/32478\/revisions\/32480"}],"wp:featuredmedia":[{"embeddable":true,"href":"https:\/\/icoinformativo.mx\/home\/index.php?rest_route=\/wp\/v2\/media\/32479"}],"wp:attachment":[{"href":"https:\/\/icoinformativo.mx\/home\/index.php?rest_route=%2Fwp%2Fv2%2Fmedia&parent=32478"}],"wp:term":[{"taxonomy":"category","embeddable":true,"href":"https:\/\/icoinformativo.mx\/home\/index.php?rest_route=%2Fwp%2Fv2%2Fcategories&post=32478"},{"taxonomy":"post_tag","embeddable":true,"href":"https:\/\/icoinformativo.mx\/home\/index.php?rest_route=%2Fwp%2Fv2%2Ftags&post=32478"}],"curies":[{"name":"wp","href":"https:\/\/api.w.org\/{rel}","templated":true}]}}