{"id":32469,"date":"2025-05-13T02:47:25","date_gmt":"2025-05-13T02:47:25","guid":{"rendered":"https:\/\/icoinformativo.mx\/home\/?p=32469"},"modified":"2025-05-13T02:47:25","modified_gmt":"2025-05-13T02:47:25","slug":"chiapas-suma-esfuerzos-para-mitigar-los-danos-al-medio-ambiente","status":"publish","type":"post","link":"https:\/\/icoinformativo.mx\/home\/?p=32469","title":{"rendered":"Chiapas suma esfuerzos para mitigar los da\u00f1os al medio ambiente"},"content":{"rendered":"<p>&nbsp;<\/p>\n<p>\u2022 La Semahn busca la vinculaci\u00f3n con los municipios para definir estrategias a favor del medio ambiente y mitigar los efectos del cambio clim\u00e1tico<\/p>\n<p>&nbsp;<\/p>\n<p>Con el objetivo de fortalecer las acciones municipales frente a las problem\u00e1ticas ambientales, se llev\u00f3 a cabo el 1.er Foro Ambiental \u201cEstrategia Municipal de Acci\u00f3n Contra el Cambio Clim\u00e1tico y Conservaci\u00f3n de los Recursos Naturales (Emcccyren)\u201d.<\/p>\n<p>&nbsp;<\/p>\n<p>Durante el evento, la Secretar\u00eda de Medio Ambiente e Historia Natural (Semahn) present\u00f3 la ponencia titulada Importancia de las Acciones de Restauraci\u00f3n y Saneamiento en Microcuencas, generando gran inter\u00e9s entre los asistentes.<\/p>\n<p>&nbsp;<\/p>\n<p>Adem\u00e1s, se sum\u00f3 a diversas mesas de trabajo donde, en representaci\u00f3n de la titular de la Semahn, Malena Torres Abarca, participaron Eva Margarita Melgar Paniagua, directora de Cambio Clim\u00e1tico y Econom\u00eda Ambiental y Ra\u00fal Alt\u00fazar M\u00e9rida, director de Restauraci\u00f3n y Manejo de Microcuencas, quienes intercambiaron ideas para generar propuestas que favorezcan la conservaci\u00f3n de los recursos naturales.<\/p>\n<p>&nbsp;<\/p>\n<p>El foro se realiz\u00f3 en el municipio de Tapachula, gracias a la organizaci\u00f3n de la Secretar\u00eda de Desarrollo Urbano y Ecolog\u00eda (Sedurbe) del Ayuntamiento de ese municipio, en coordinaci\u00f3n con Semahn, Unach, Ecosur y la Organizaci\u00f3n Internacional para las Migraciones (OIM).<\/p>\n<p>&nbsp;<\/p>\n<p>Con estas acciones se refuerza la vinculaci\u00f3n con los municipios para definir estrategias a favor del medio ambiente y mitigar los efectos del cambio clim\u00e1tico.<\/p>\n","protected":false},"excerpt":{"rendered":"<p>&nbsp; \u2022 La Semahn busca la vinculaci\u00f3n con los municipios para definir estrategias a favor&#8230;<\/p>\n","protected":false},"author":2,"featured_media":32470,"comment_status":"closed","ping_status":"closed","sticky":false,"template":"","format":"standard","meta":{"_joinchat":[],"footnotes":""},"categories":[18,1,2,3],"tags":[],"class_list":["post-32469","post","type-post","status-publish","format-standard","has-post-thumbnail","hentry","category-almomento","category-boletin","category-estado","category-health"],"_links":{"self":[{"href":"https:\/\/icoinformativo.mx\/home\/index.php?rest_route=\/wp\/v2\/posts\/32469","targetHints":{"allow":["GET"]}}],"collection":[{"href":"https:\/\/icoinformativo.mx\/home\/index.php?rest_route=\/wp\/v2\/posts"}],"about":[{"href":"https:\/\/icoinformativo.mx\/home\/index.php?rest_route=\/wp\/v2\/types\/post"}],"author":[{"embeddable":true,"href":"https:\/\/icoinformativo.mx\/home\/index.php?rest_route=\/wp\/v2\/users\/2"}],"replies":[{"embeddable":true,"href":"https:\/\/icoinformativo.mx\/home\/index.php?rest_route=%2Fwp%2Fv2%2Fcomments&post=32469"}],"version-history":[{"count":1,"href":"https:\/\/icoinformativo.mx\/home\/index.php?rest_route=\/wp\/v2\/posts\/32469\/revisions"}],"predecessor-version":[{"id":32471,"href":"https:\/\/icoinformativo.mx\/home\/index.php?rest_route=\/wp\/v2\/posts\/32469\/revisions\/32471"}],"wp:featuredmedia":[{"embeddable":true,"href":"https:\/\/icoinformativo.mx\/home\/index.php?rest_route=\/wp\/v2\/media\/32470"}],"wp:attachment":[{"href":"https:\/\/icoinformativo.mx\/home\/index.php?rest_route=%2Fwp%2Fv2%2Fmedia&parent=32469"}],"wp:term":[{"taxonomy":"category","embeddable":true,"href":"https:\/\/icoinformativo.mx\/home\/index.php?rest_route=%2Fwp%2Fv2%2Fcategories&post=32469"},{"taxonomy":"post_tag","embeddable":true,"href":"https:\/\/icoinformativo.mx\/home\/index.php?rest_route=%2Fwp%2Fv2%2Ftags&post=32469"}],"curies":[{"name":"wp","href":"https:\/\/api.w.org\/{rel}","templated":true}]}}