{"id":32460,"date":"2025-05-10T03:19:04","date_gmt":"2025-05-10T03:19:04","guid":{"rendered":"https:\/\/icoinformativo.mx\/home\/?p=32460"},"modified":"2025-05-10T03:19:04","modified_gmt":"2025-05-10T03:19:04","slug":"secretaria-de-la-frontera-sur-fortalece-vinculos-con-el-gran-bajio-para-impulsar-inversiones-estrategicas-en-chiapas","status":"publish","type":"post","link":"https:\/\/icoinformativo.mx\/home\/?p=32460","title":{"rendered":"Secretar\u00eda de la Frontera Sur fortalece v\u00ednculos con el Gran Baj\u00edo para impulsar inversiones estrat\u00e9gicas en Chiapas"},"content":{"rendered":"<p>&nbsp;<\/p>\n<p>Dando continuidad a los trabajos de vinculaci\u00f3n con empresarios y actores clave del ecosistema productivo del Gran Baj\u00edo, la titular de la Secretar\u00eda de la Frontera Sur, Mar\u00eda Amalia Toriello Elorza, realiz\u00f3 su segunda gira de trabajo en esta regi\u00f3n estrat\u00e9gica del pa\u00eds, con el prop\u00f3sito de generar alianzas que impulsen el desarrollo econ\u00f3mico y sostenible de Chiapas.<\/p>\n<p>&nbsp;<\/p>\n<p>Durante esta gira de trabajo, la secretaria integr\u00f3 a representantes de la triple h\u00e9lice de gobierno, academia e iniciativa privada, con el objetivo de establecer v\u00ednculos colaborativos que favorezcan la atracci\u00f3n de inversiones y el crecimiento regional. Esta articulaci\u00f3n busca consolidar un modelo de desarrollo incluyente, con impacto directo en el fortalecimiento de los polos de desarrollo de la Frontera Sur.<\/p>\n<p>&nbsp;<\/p>\n<p>Como parte de las actividades se particip\u00f3 en destacados foros de discusi\u00f3n, donde se analizaron tendencias globales de inversi\u00f3n, as\u00ed como oportunidades concretas para que empresas mexicanas y extranjeras establezcan operaciones en Chiapas, aprovechando su ubicaci\u00f3n estrat\u00e9gica y su creciente infraestructura log\u00edstica.<\/p>\n<p>&nbsp;<\/p>\n<p>Entre las visitas m\u00e1s relevantes se encuentran el recorrido por el Tecnol\u00f3gico de Monterrey campus Le\u00f3n, referente en formaci\u00f3n de talento e innovaci\u00f3n tecnol\u00f3gica; el Instituto Polit\u00e9cnico Nacional; la empresa Kiin Energy, dedicada a energ\u00edas limpias; y el Grupo Flecha Amarilla, con vasta experiencia en transporte y log\u00edstica.<\/p>\n<p>&nbsp;<\/p>\n<p>Asimismo, la empresa Solar Beat, dedicada a construir una red inteligente y sustentable de cargadores para veh\u00edculos el\u00e9ctricos en M\u00e9xico; y el complejo industrial Lintel, considerado el m\u00e1s importante de Am\u00e9rica Latina, que alberga a m\u00e1s de 150 empresas nacionales e internacionales de sectores estrat\u00e9gicos.<\/p>\n<p>&nbsp;<\/p>\n<p>Estas acciones forman parte de la estrategia del Gobierno del Estado encabezado por Eduardo Ram\u00edrez, para consolidar a Puerto Chiapas como un polo log\u00edstico y productivo clave para las inversiones, as\u00ed como un punto neur\u00e1lgico para las exportaciones hacia diferentes destinos.<\/p>\n<p>&nbsp;<\/p>\n<p>Durante esta gira de trabajo se cont\u00f3 con la participaci\u00f3n del presidente municipal de Suchiate, Elmer de Jes\u00fas V\u00e1zquez Gallardo; la directora de la Marca Unach, Susana Sosa; el empresario Antonio Damiano Gregonis; as\u00ed como la colaboraci\u00f3n virtual del director de la Administraci\u00f3n del Sistema Portuario Nacional (Asipona) en Puerto Chiapas, Vicealmirante Mateo Arzate.<\/p>\n<p>&nbsp;<\/p>\n<p>Con estas acciones, el Gobierno de Chiapas reafirma su compromiso con el desarrollo regional equilibrado, promoviendo alianzas estrat\u00e9gicas que generen empleos, eleven la competitividad y posicionen al estado como un destino atractivo para la inversi\u00f3n nacional e internacional.<\/p>\n","protected":false},"excerpt":{"rendered":"<p>&nbsp; Dando continuidad a los trabajos de vinculaci\u00f3n con empresarios y actores clave del ecosistema&#8230;<\/p>\n","protected":false},"author":2,"featured_media":32461,"comment_status":"closed","ping_status":"closed","sticky":false,"template":"","format":"standard","meta":{"_joinchat":[],"footnotes":""},"categories":[18,1,2,3],"tags":[],"class_list":["post-32460","post","type-post","status-publish","format-standard","has-post-thumbnail","hentry","category-almomento","category-boletin","category-estado","category-health"],"_links":{"self":[{"href":"https:\/\/icoinformativo.mx\/home\/index.php?rest_route=\/wp\/v2\/posts\/32460","targetHints":{"allow":["GET"]}}],"collection":[{"href":"https:\/\/icoinformativo.mx\/home\/index.php?rest_route=\/wp\/v2\/posts"}],"about":[{"href":"https:\/\/icoinformativo.mx\/home\/index.php?rest_route=\/wp\/v2\/types\/post"}],"author":[{"embeddable":true,"href":"https:\/\/icoinformativo.mx\/home\/index.php?rest_route=\/wp\/v2\/users\/2"}],"replies":[{"embeddable":true,"href":"https:\/\/icoinformativo.mx\/home\/index.php?rest_route=%2Fwp%2Fv2%2Fcomments&post=32460"}],"version-history":[{"count":1,"href":"https:\/\/icoinformativo.mx\/home\/index.php?rest_route=\/wp\/v2\/posts\/32460\/revisions"}],"predecessor-version":[{"id":32462,"href":"https:\/\/icoinformativo.mx\/home\/index.php?rest_route=\/wp\/v2\/posts\/32460\/revisions\/32462"}],"wp:featuredmedia":[{"embeddable":true,"href":"https:\/\/icoinformativo.mx\/home\/index.php?rest_route=\/wp\/v2\/media\/32461"}],"wp:attachment":[{"href":"https:\/\/icoinformativo.mx\/home\/index.php?rest_route=%2Fwp%2Fv2%2Fmedia&parent=32460"}],"wp:term":[{"taxonomy":"category","embeddable":true,"href":"https:\/\/icoinformativo.mx\/home\/index.php?rest_route=%2Fwp%2Fv2%2Fcategories&post=32460"},{"taxonomy":"post_tag","embeddable":true,"href":"https:\/\/icoinformativo.mx\/home\/index.php?rest_route=%2Fwp%2Fv2%2Ftags&post=32460"}],"curies":[{"name":"wp","href":"https:\/\/api.w.org\/{rel}","templated":true}]}}