{"id":32452,"date":"2025-05-10T02:49:43","date_gmt":"2025-05-10T02:49:43","guid":{"rendered":"https:\/\/icoinformativo.mx\/home\/?p=32452"},"modified":"2025-05-10T03:02:27","modified_gmt":"2025-05-10T03:02:27","slug":"exito-en-primera-etapa-del-programa-talento-chiapas-de-futbol-visores-de-cruz-azul-leon-pachuca-nexaca-san-luis-clubes-de-primera-division-ademas-de-alebrijes-de-oaxaca-atlan","status":"publish","type":"post","link":"https:\/\/icoinformativo.mx\/home\/?p=32452","title":{"rendered":"\u00c9xito en primera etapa del Programa \u201cTalento Chiapas\u201d de futbol"},"content":{"rendered":"<p>&nbsp;<\/p>\n<p>Visores de Cruz Azul, Le\u00f3n, Pachuca, Nexaca, San Luis, clubes de Primera Divisi\u00f3n; adem\u00e1s de Alebrijes de Oaxaca, Atlante, Canc\u00fan F.C. de Liga de Expansi\u00f3n y Lechuzas, Tapachula y ChiFut, de la TDP; estuvieron presentes en el final de la primera etapa del proyecto que encabeza el Indeporte<\/p>\n<p>&nbsp;<\/p>\n<p>En la siguiente semana se dar\u00e1 a conocer la lista de las jugadoras y jugadores seleccionados, el equipo y la categor\u00eda para continuar con los filtros, pero ahora ya dentro de un club profesional<\/p>\n<p>&nbsp;<\/p>\n<p>J\u00f3venes chiapanecos tendr\u00e1n la oportunidad de ser jugadores profesionales de futbol, luego de la culminaci\u00f3n de la primera etapa del programa estatal \u201cTalento Chiapas\u201d, llevada a cabo en el Estadio Zoque \u201cV\u00edctor Manuel Reyna\u201d este viernes 9 de mayo.<\/p>\n<p>&nbsp;<\/p>\n<p>El titular del Instituto del Deporte (Indeporte), Adona\u00ed S\u00e1nchez Osorio, estuvo en las tribunas del estadio y al finalizar los partidos de este programa organizado por el Gobierno de Chiapas que encabeza Eduardo Ram\u00edrez Aguilar, felicit\u00f3 a las jugadoras y jugadores por el esfuerzo realizado en todos estos meses y los motiv\u00f3 a seguir trabajando para no detener sus sue\u00f1os.<\/p>\n<p>&nbsp;<\/p>\n<p>Fabi\u00e1n Quintanar Mendoza y Juan Manuel Bernal Toledo, de Cruz Azul; Salvador Gamero Ter\u00e1n del Atl\u00e9tico San Luis; Jes\u00fas Enrique Carbajal Aguilar de Canc\u00fan FC; Enrique S\u00e1nchez Flores de Alebrijes de Oaxaca; Gustavo Becerril de Club Pachuca; Diego Armando Rodr\u00edguez Castillo del Club Necaxa; Iv\u00e1n Sol\u00eds Vega del Club Le\u00f3n y Pascual Sandoval Cervantes del Atlante; estuvieron muy cercanos a las pr\u00e1cticas desarrolladas la ma\u00f1ana de este viernes 9 de mayo.<\/p>\n<p>&nbsp;<\/p>\n<p>Por Chiapas, se presentaron a los trabajos, entrenadores y directivas de Lechuzas de la Pablo Guardado Ch\u00e1vez, Tapachula FC y del Centro de Formaci\u00f3n Chiapas Futbol, todos con libreta y lapicero en mano para anotar a sus elegidos e invitarlos a los filtros de su club.<\/p>\n<p>&nbsp;<\/p>\n<p>Al respecto, Franco Arizala, responsable del proyecto, se dijo satisfecho por el trabajo de las ni\u00f1as y ni\u00f1os en el programa, agradeci\u00f3 el esfuerzo y dedicaci\u00f3n de todos y de los padres de familia que hicieron posible que las y los jugadores cumplan sus sue\u00f1os.<\/p>\n<p>&nbsp;<\/p>\n<p>Finalmente, indic\u00f3 que para los jugadores que no fueron llamados, continuar\u00e1 el trabajo de formaci\u00f3n y desarrollo, pues el proyecto Talento Chiapas crecer\u00e1, incluso con las categor\u00edas de 2007-2009.<\/p>\n","protected":false},"excerpt":{"rendered":"<p>&nbsp; Visores de Cruz Azul, Le\u00f3n, Pachuca, Nexaca, San Luis, clubes de Primera Divisi\u00f3n; adem\u00e1s&#8230;<\/p>\n","protected":false},"author":2,"featured_media":32453,"comment_status":"closed","ping_status":"closed","sticky":false,"template":"","format":"standard","meta":{"_joinchat":[],"footnotes":""},"categories":[18,1,2,3],"tags":[],"class_list":["post-32452","post","type-post","status-publish","format-standard","has-post-thumbnail","hentry","category-almomento","category-boletin","category-estado","category-health"],"_links":{"self":[{"href":"https:\/\/icoinformativo.mx\/home\/index.php?rest_route=\/wp\/v2\/posts\/32452","targetHints":{"allow":["GET"]}}],"collection":[{"href":"https:\/\/icoinformativo.mx\/home\/index.php?rest_route=\/wp\/v2\/posts"}],"about":[{"href":"https:\/\/icoinformativo.mx\/home\/index.php?rest_route=\/wp\/v2\/types\/post"}],"author":[{"embeddable":true,"href":"https:\/\/icoinformativo.mx\/home\/index.php?rest_route=\/wp\/v2\/users\/2"}],"replies":[{"embeddable":true,"href":"https:\/\/icoinformativo.mx\/home\/index.php?rest_route=%2Fwp%2Fv2%2Fcomments&post=32452"}],"version-history":[{"count":3,"href":"https:\/\/icoinformativo.mx\/home\/index.php?rest_route=\/wp\/v2\/posts\/32452\/revisions"}],"predecessor-version":[{"id":32456,"href":"https:\/\/icoinformativo.mx\/home\/index.php?rest_route=\/wp\/v2\/posts\/32452\/revisions\/32456"}],"wp:featuredmedia":[{"embeddable":true,"href":"https:\/\/icoinformativo.mx\/home\/index.php?rest_route=\/wp\/v2\/media\/32453"}],"wp:attachment":[{"href":"https:\/\/icoinformativo.mx\/home\/index.php?rest_route=%2Fwp%2Fv2%2Fmedia&parent=32452"}],"wp:term":[{"taxonomy":"category","embeddable":true,"href":"https:\/\/icoinformativo.mx\/home\/index.php?rest_route=%2Fwp%2Fv2%2Fcategories&post=32452"},{"taxonomy":"post_tag","embeddable":true,"href":"https:\/\/icoinformativo.mx\/home\/index.php?rest_route=%2Fwp%2Fv2%2Ftags&post=32452"}],"curies":[{"name":"wp","href":"https:\/\/api.w.org\/{rel}","templated":true}]}}