{"id":32449,"date":"2025-05-10T02:45:49","date_gmt":"2025-05-10T02:45:49","guid":{"rendered":"https:\/\/icoinformativo.mx\/home\/?p=32449"},"modified":"2025-05-10T02:45:49","modified_gmt":"2025-05-10T02:45:49","slug":"chiapas-sede-de-la-primera-asamblea-ordinaria-2025-de-la-comision-permanente-de-contralores-estados-federacion-region-sureste","status":"publish","type":"post","link":"https:\/\/icoinformativo.mx\/home\/?p=32449","title":{"rendered":"Chiapas, sede de la Primera Asamblea Ordinaria 2025 de la Comisi\u00f3n\u00a0Permanente de Contralores Estados-Federaci\u00f3n, Regi\u00f3n Sureste"},"content":{"rendered":"<div id=\"m_toolbarLayer\" class=\"layer\"><\/div>\n<div id=\"m_textViewLayer\" class=\"layer\">\n<div id=\"m_content\">\n<div id=\"pc1\">\n<div id=\"p1\">\n<div>Tuxtla Guti\u00e9rrez, Chiapas.\u2013 Este d\u00eda inici\u00f3 la Primera Asamblea Ordinaria 2025 de la Regi\u00f3n\u00a0Sureste de la Comisi\u00f3n Permanente de Contralores Estados-Federaci\u00f3n (CPCE-F), teniendo\u00a0como sede la ciudad de Tuxtla Guti\u00e9rrez, Chiapas. Este importante encuentro regional tiene\u00a0como objetivo revisar los avances del Programa Anual de Trabajo y evaluar el cumplimiento\u00a0de metas en materia de control, fiscalizaci\u00f3n y fortalecimiento institucional.<\/div>\n<div><\/div>\n<div>En representaci\u00f3n del gobernador del estado, Eduardo Ram\u00edrez Aguilar, la secretaria\u00a0general de Gobierno y Mediaci\u00f3n, Patricia del Carmen Conde Ruiz, fue la encargada de\u00a0inaugurar formalmente los trabajos de la Asamblea, acompa\u00f1ada por la secretaria\u00a0Anticorrupci\u00f3n y Buen Gobierno, Ana Laura Romero Basurto, quien funge como anfitriona\u00a0de este relevante ejercicio de coordinaci\u00f3n interinstitucional.<\/div>\n<div><\/div>\n<div>Durante la jornada se cont\u00f3 con la destacada participaci\u00f3n de Renato Cortazar Reyes,\u00a0Magistrado del Tribunal de Justicia Administrativa del Estado de Chiapas, quien imparti\u00f3 la\u00a0conferencia titulada \u201cReflexiones en torno a las facultades de investigaci\u00f3n de las instancias\u00a0de control local\u201d, aportando una visi\u00f3n jur\u00eddica integral sobre los retos actuales en el\u00a0combate a la impunidad.<\/div>\n<div><\/div>\n<div>La reuni\u00f3n es presidida por Mar\u00eda Guadalupe Ram\u00edrez Zepeda, coordinadora Nacional de la\u00a0CPCE-F y contralora general del Estado de Sinaloa, quien, junto a las y los titulares de los\u00a0\u00f3rganos estatales de control de Campeche, Quintana Roo, Yucat\u00e1n y Tabasco, da\u00a0seguimiento al avance de proyectos estrat\u00e9gicos de gran relevancia, entre los que destacan\u00a0el fortalecimiento de la profesionalizaci\u00f3n en materia de fiscalizaci\u00f3n gubernamental y la\u00a0mejora continua del mecanismo de validaci\u00f3n de la Constancia de Representantes T\u00e9cnicos\u00a0para el Registro de Contratistas, en coordinaci\u00f3n con los colegios de profesionistas del\u00a0sector de la construcci\u00f3n.<\/div>\n<div><\/div>\n<div>Esta asamblea representa un espacio clave para consolidar la colaboraci\u00f3n regional,\u00a0intercambiar experiencias, compartir buenas pr\u00e1cticas y fortalecer las pol\u00edticas p\u00fablicas\u00a0orientadas a la legalidad, la eficiencia administrativa y la rendici\u00f3n de cuentas.<\/div>\n<div><\/div>\n<div>Con la participaci\u00f3n activa de Chiapas como entidad sede, se refrenda el compromiso\u00a0institucional con un modelo de gobernanza transparente, honesto y con visi\u00f3n de futuro.<\/div>\n<\/div>\n<hr class=\"pageHrV2\" \/>\n<\/div>\n<\/div>\n<\/div>\n","protected":false},"excerpt":{"rendered":"<p>Tuxtla Guti\u00e9rrez, Chiapas.\u2013 Este d\u00eda inici\u00f3 la Primera Asamblea Ordinaria 2025 de la Regi\u00f3n\u00a0Sureste de&#8230;<\/p>\n","protected":false},"author":2,"featured_media":32450,"comment_status":"closed","ping_status":"closed","sticky":false,"template":"","format":"standard","meta":{"_joinchat":[],"footnotes":""},"categories":[18,1,2,3],"tags":[],"class_list":["post-32449","post","type-post","status-publish","format-standard","has-post-thumbnail","hentry","category-almomento","category-boletin","category-estado","category-health"],"_links":{"self":[{"href":"https:\/\/icoinformativo.mx\/home\/index.php?rest_route=\/wp\/v2\/posts\/32449","targetHints":{"allow":["GET"]}}],"collection":[{"href":"https:\/\/icoinformativo.mx\/home\/index.php?rest_route=\/wp\/v2\/posts"}],"about":[{"href":"https:\/\/icoinformativo.mx\/home\/index.php?rest_route=\/wp\/v2\/types\/post"}],"author":[{"embeddable":true,"href":"https:\/\/icoinformativo.mx\/home\/index.php?rest_route=\/wp\/v2\/users\/2"}],"replies":[{"embeddable":true,"href":"https:\/\/icoinformativo.mx\/home\/index.php?rest_route=%2Fwp%2Fv2%2Fcomments&post=32449"}],"version-history":[{"count":1,"href":"https:\/\/icoinformativo.mx\/home\/index.php?rest_route=\/wp\/v2\/posts\/32449\/revisions"}],"predecessor-version":[{"id":32451,"href":"https:\/\/icoinformativo.mx\/home\/index.php?rest_route=\/wp\/v2\/posts\/32449\/revisions\/32451"}],"wp:featuredmedia":[{"embeddable":true,"href":"https:\/\/icoinformativo.mx\/home\/index.php?rest_route=\/wp\/v2\/media\/32450"}],"wp:attachment":[{"href":"https:\/\/icoinformativo.mx\/home\/index.php?rest_route=%2Fwp%2Fv2%2Fmedia&parent=32449"}],"wp:term":[{"taxonomy":"category","embeddable":true,"href":"https:\/\/icoinformativo.mx\/home\/index.php?rest_route=%2Fwp%2Fv2%2Fcategories&post=32449"},{"taxonomy":"post_tag","embeddable":true,"href":"https:\/\/icoinformativo.mx\/home\/index.php?rest_route=%2Fwp%2Fv2%2Ftags&post=32449"}],"curies":[{"name":"wp","href":"https:\/\/api.w.org\/{rel}","templated":true}]}}