{"id":32446,"date":"2025-05-09T03:22:55","date_gmt":"2025-05-09T03:22:55","guid":{"rendered":"https:\/\/icoinformativo.mx\/home\/?p=32446"},"modified":"2025-05-09T03:22:55","modified_gmt":"2025-05-09T03:22:55","slug":"el-h-ayuntamiento-municipal-de-amatan-en-coordinacion-con-el-dif-municipal-te-invita-al-festival-del-dia-de-las-madres","status":"publish","type":"post","link":"https:\/\/icoinformativo.mx\/home\/?p=32446","title":{"rendered":"\u00a1El H. Ayuntamiento Municipal de Amat\u00e1n en Coordinaci\u00f3n con el DIF Municipal, te invita al Festival del D\u00eda de las Madres"},"content":{"rendered":"<p>&nbsp;<\/p>\n<p>El gobierno del pueblo, que preside con cari\u00f1o y compromiso nuestro amigo del pueblo Majin Aguilar Utrilla, tiene el honor de invitar a todas las mam\u00e1s amatecas a celebrar su d\u00eda en un evento lleno de amor, alegr\u00eda y sorpresas.<\/p>\n<p>&nbsp;<\/p>\n<p>Fecha: Lunes 12 de mayo<\/p>\n<p>Hora: 3:30 p.m.<\/p>\n<p>Lugar: Explanada del H. Ayuntamiento Constitucional de Amat\u00e1n<\/p>\n<p>&nbsp;<\/p>\n<p>Porque nuestras madres son el coraz\u00f3n de cada hogar y merecen lo mejor, hemos preparado una tarde especial para homenajearlas como se merecen.<\/p>\n<p>&nbsp;<\/p>\n<p>#D\u00edaDeLasMadres #Amat\u00e1nConCari\u00f1o #GobiernoDelPueblo #MajinAguilarUtrilla #Amat\u00e1n2024<\/p>\n","protected":false},"excerpt":{"rendered":"<p>&nbsp; El gobierno del pueblo, que preside con cari\u00f1o y compromiso nuestro amigo del pueblo&#8230;<\/p>\n","protected":false},"author":2,"featured_media":32447,"comment_status":"closed","ping_status":"closed","sticky":false,"template":"","format":"standard","meta":{"_joinchat":[],"footnotes":""},"categories":[18,1,2,3],"tags":[],"class_list":["post-32446","post","type-post","status-publish","format-standard","has-post-thumbnail","hentry","category-almomento","category-boletin","category-estado","category-health"],"_links":{"self":[{"href":"https:\/\/icoinformativo.mx\/home\/index.php?rest_route=\/wp\/v2\/posts\/32446","targetHints":{"allow":["GET"]}}],"collection":[{"href":"https:\/\/icoinformativo.mx\/home\/index.php?rest_route=\/wp\/v2\/posts"}],"about":[{"href":"https:\/\/icoinformativo.mx\/home\/index.php?rest_route=\/wp\/v2\/types\/post"}],"author":[{"embeddable":true,"href":"https:\/\/icoinformativo.mx\/home\/index.php?rest_route=\/wp\/v2\/users\/2"}],"replies":[{"embeddable":true,"href":"https:\/\/icoinformativo.mx\/home\/index.php?rest_route=%2Fwp%2Fv2%2Fcomments&post=32446"}],"version-history":[{"count":1,"href":"https:\/\/icoinformativo.mx\/home\/index.php?rest_route=\/wp\/v2\/posts\/32446\/revisions"}],"predecessor-version":[{"id":32448,"href":"https:\/\/icoinformativo.mx\/home\/index.php?rest_route=\/wp\/v2\/posts\/32446\/revisions\/32448"}],"wp:featuredmedia":[{"embeddable":true,"href":"https:\/\/icoinformativo.mx\/home\/index.php?rest_route=\/wp\/v2\/media\/32447"}],"wp:attachment":[{"href":"https:\/\/icoinformativo.mx\/home\/index.php?rest_route=%2Fwp%2Fv2%2Fmedia&parent=32446"}],"wp:term":[{"taxonomy":"category","embeddable":true,"href":"https:\/\/icoinformativo.mx\/home\/index.php?rest_route=%2Fwp%2Fv2%2Fcategories&post=32446"},{"taxonomy":"post_tag","embeddable":true,"href":"https:\/\/icoinformativo.mx\/home\/index.php?rest_route=%2Fwp%2Fv2%2Ftags&post=32446"}],"curies":[{"name":"wp","href":"https:\/\/api.w.org\/{rel}","templated":true}]}}