{"id":32429,"date":"2025-05-09T02:33:05","date_gmt":"2025-05-09T02:33:05","guid":{"rendered":"https:\/\/icoinformativo.mx\/home\/?p=32429"},"modified":"2025-05-09T02:33:05","modified_gmt":"2025-05-09T02:33:05","slug":"chiapas-busca-ser-sede-de-encuentros-nacionales-de-deportes-indigena-y-autoctono","status":"publish","type":"post","link":"https:\/\/icoinformativo.mx\/home\/?p=32429","title":{"rendered":"Chiapas busca ser sede de encuentros nacionales de deportes ind\u00edgena y aut\u00f3ctono"},"content":{"rendered":"<p>&nbsp;<\/p>\n<p>\u2022 El titular del Indeporte present\u00f3 la candidatura oficial a la presidenta de la Federaci\u00f3n Mexicana de Juegos y Deportes Aut\u00f3ctonos y Tradicionales de M\u00e9xico<\/p>\n<p>&nbsp;<\/p>\n<p>Palenque, Comit\u00e1n y Tuxtla Guti\u00e9rrez, son las sedes propuestas por Chiapas para albergar Encuentro Nacional Deportivo Ind\u00edgena y el Encuentro Nacional de Juegos y Deportes Aut\u00f3ctonos y Tradicionales de M\u00e9xico a desarrollarse en el mes de septiembre de 2025.<\/p>\n<p>&nbsp;<\/p>\n<p>En ese sentido, el director general del Instituto del Deporte (Indeporte), Adona\u00ed S\u00e1nchez Osorio, y el comisario de la Asociaci\u00f3n de Juegos y Deportes Aut\u00f3ctonos y Tradicionales de Chiapas, Juan de la Cruz Mart\u00ednez, sostuvieron este jueves una reuni\u00f3n virtual con Ana Claudia Collado Garc\u00eda, presidenta de la Federaci\u00f3n Mexicana de Juegos y Deportes Aut\u00f3ctonos y Tradicionales de M\u00e9xico, para presentar formalmente su candidatura para este a\u00f1o.<\/p>\n<p>&nbsp;<\/p>\n<p>\u201cTenemos todas las ganas y la capacidad de hacer los dos eventos en Chiapas; Palenque para el Encuentro Nacional Deportivo Ind\u00edgena y Tuxtla Guti\u00e9rrez o Comit\u00e1n para el Encuentro Nacional de Juegos y Deportes Aut\u00f3ctonos y Tradicionales de M\u00e9xico\u201d, se\u00f1al\u00f3 S\u00e1nchez Osorio.<\/p>\n<p>&nbsp;<\/p>\n<p>Asimismo, el titular del Indeporte revel\u00f3 que el par de eventos nacionales son el marco perfecto para la primera edici\u00f3n de la entrega del Premio Estatal de la Mujer Ind\u00edgena, que Chiapas pretende institucionalizar a partir de este 2025. Adem\u00e1s, destac\u00f3 que Palenque cuenta con una unidad deportiva recientemente remodelada.<\/p>\n<p>&nbsp;<\/p>\n<p>Por su parte, Collado Garc\u00eda revel\u00f3 que Morelos tambi\u00e9n ha levantado la mano para ser sede de los nacionales, por lo que en breve se dar\u00e1 a conocer la respuesta final.<\/p>\n","protected":false},"excerpt":{"rendered":"<p>&nbsp; \u2022 El titular del Indeporte present\u00f3 la candidatura oficial a la presidenta de la&#8230;<\/p>\n","protected":false},"author":2,"featured_media":32430,"comment_status":"closed","ping_status":"closed","sticky":false,"template":"","format":"standard","meta":{"_joinchat":[],"footnotes":""},"categories":[18,1,2,3],"tags":[],"class_list":["post-32429","post","type-post","status-publish","format-standard","has-post-thumbnail","hentry","category-almomento","category-boletin","category-estado","category-health"],"_links":{"self":[{"href":"https:\/\/icoinformativo.mx\/home\/index.php?rest_route=\/wp\/v2\/posts\/32429","targetHints":{"allow":["GET"]}}],"collection":[{"href":"https:\/\/icoinformativo.mx\/home\/index.php?rest_route=\/wp\/v2\/posts"}],"about":[{"href":"https:\/\/icoinformativo.mx\/home\/index.php?rest_route=\/wp\/v2\/types\/post"}],"author":[{"embeddable":true,"href":"https:\/\/icoinformativo.mx\/home\/index.php?rest_route=\/wp\/v2\/users\/2"}],"replies":[{"embeddable":true,"href":"https:\/\/icoinformativo.mx\/home\/index.php?rest_route=%2Fwp%2Fv2%2Fcomments&post=32429"}],"version-history":[{"count":1,"href":"https:\/\/icoinformativo.mx\/home\/index.php?rest_route=\/wp\/v2\/posts\/32429\/revisions"}],"predecessor-version":[{"id":32431,"href":"https:\/\/icoinformativo.mx\/home\/index.php?rest_route=\/wp\/v2\/posts\/32429\/revisions\/32431"}],"wp:featuredmedia":[{"embeddable":true,"href":"https:\/\/icoinformativo.mx\/home\/index.php?rest_route=\/wp\/v2\/media\/32430"}],"wp:attachment":[{"href":"https:\/\/icoinformativo.mx\/home\/index.php?rest_route=%2Fwp%2Fv2%2Fmedia&parent=32429"}],"wp:term":[{"taxonomy":"category","embeddable":true,"href":"https:\/\/icoinformativo.mx\/home\/index.php?rest_route=%2Fwp%2Fv2%2Fcategories&post=32429"},{"taxonomy":"post_tag","embeddable":true,"href":"https:\/\/icoinformativo.mx\/home\/index.php?rest_route=%2Fwp%2Fv2%2Ftags&post=32429"}],"curies":[{"name":"wp","href":"https:\/\/api.w.org\/{rel}","templated":true}]}}