{"id":32420,"date":"2025-05-09T02:08:23","date_gmt":"2025-05-09T02:08:23","guid":{"rendered":"https:\/\/icoinformativo.mx\/home\/?p=32420"},"modified":"2025-05-09T02:08:23","modified_gmt":"2025-05-09T02:08:23","slug":"inicia-supervision-por-parte-del-ceiss-en-hospital-vida-mejor-para-fortalecer-servicios-de-salud","status":"publish","type":"post","link":"https:\/\/icoinformativo.mx\/home\/?p=32420","title":{"rendered":"Inicia supervisi\u00f3n por parte del CEISS en Hospital Vida Mejor para fortalecer servicios de salud"},"content":{"rendered":"<p>&nbsp;<\/p>\n<p>\u2022 La titular del Isstech, Mar\u00eda del Carmen Fern\u00e1ndez Benavente, agradeci\u00f3 el respaldo del secretario de Salud, Omar G\u00f3mez Cruz<\/p>\n<p>&nbsp;<\/p>\n<p>En un esfuerzo conjunto por fortalecer la calidad y eficiencia de los servicios de salud, el Comando Estatal Interinstitucional del Sector Salud (CEISS) inici\u00f3 la supervisi\u00f3n en el Hospital de Especialidades Vida Mejor, perteneciente al Instituto de Seguridad Social de los Trabajadores del Estado de Chiapas (Isstech).<\/p>\n<p>&nbsp;<\/p>\n<p>Durante el arranque de estas acciones, la directora general del Isstech, Mar\u00eda del Carmen Fern\u00e1ndez Benavente, destac\u00f3 el compromiso del gobernador del estado, Eduardo Ram\u00edrez Aguilar, por otorgar servicios de salud de calidad a la poblaci\u00f3n afiliada, priorizando la atenci\u00f3n digna y humana.<\/p>\n<p>&nbsp;<\/p>\n<p>Fern\u00e1ndez Benavente agradeci\u00f3 la disposici\u00f3n y apoyo del secretario de Salud, Omar G\u00f3mez Cruz, as\u00ed como de las y los integrantes del CEISS, por \u201cser la primera instituci\u00f3n con estos trabajos, para ir poniendo orden en todas las \u00e1reas de este hospital y poder obtener una certificaci\u00f3n que nos dar\u00eda gran respaldo\u201d, dijo.<\/p>\n<p>&nbsp;<\/p>\n<p>Por su parte, el secretario de Salud, Omar G\u00f3mez Cruz, indic\u00f3 que se realizar\u00e1n evaluaciones de manera detallada con respecto a las condiciones operativas, administrativas, m\u00e9dicas y de infraestructura del hospital, con el prop\u00f3sito de garantizar una atenci\u00f3n digna, segura y oportuna a la poblaci\u00f3n afiliada.<\/p>\n<p>&nbsp;<\/p>\n<p>En este evento, autoridades del CEISS, junto con directivos del hospital, recorrieron distintas \u00e1reas clave como urgencias, quir\u00f3fanos, hospitalizaci\u00f3n, laboratorios y consulta externa.<\/p>\n<p>&nbsp;<\/p>\n<p>Tambi\u00e9n estuvieron presentes integrantes del IMSS, ISSSTE, Isstech, Servicios P\u00fablicos de Salud IMSS-Bienestar y Servicio Nacional de Salud P\u00fablica.<\/p>\n","protected":false},"excerpt":{"rendered":"<p>&nbsp; \u2022 La titular del Isstech, Mar\u00eda del Carmen Fern\u00e1ndez Benavente, agradeci\u00f3 el respaldo del&#8230;<\/p>\n","protected":false},"author":2,"featured_media":32421,"comment_status":"closed","ping_status":"closed","sticky":false,"template":"","format":"standard","meta":{"_joinchat":[],"footnotes":""},"categories":[18,1,2,3],"tags":[],"class_list":["post-32420","post","type-post","status-publish","format-standard","has-post-thumbnail","hentry","category-almomento","category-boletin","category-estado","category-health"],"_links":{"self":[{"href":"https:\/\/icoinformativo.mx\/home\/index.php?rest_route=\/wp\/v2\/posts\/32420","targetHints":{"allow":["GET"]}}],"collection":[{"href":"https:\/\/icoinformativo.mx\/home\/index.php?rest_route=\/wp\/v2\/posts"}],"about":[{"href":"https:\/\/icoinformativo.mx\/home\/index.php?rest_route=\/wp\/v2\/types\/post"}],"author":[{"embeddable":true,"href":"https:\/\/icoinformativo.mx\/home\/index.php?rest_route=\/wp\/v2\/users\/2"}],"replies":[{"embeddable":true,"href":"https:\/\/icoinformativo.mx\/home\/index.php?rest_route=%2Fwp%2Fv2%2Fcomments&post=32420"}],"version-history":[{"count":1,"href":"https:\/\/icoinformativo.mx\/home\/index.php?rest_route=\/wp\/v2\/posts\/32420\/revisions"}],"predecessor-version":[{"id":32422,"href":"https:\/\/icoinformativo.mx\/home\/index.php?rest_route=\/wp\/v2\/posts\/32420\/revisions\/32422"}],"wp:featuredmedia":[{"embeddable":true,"href":"https:\/\/icoinformativo.mx\/home\/index.php?rest_route=\/wp\/v2\/media\/32421"}],"wp:attachment":[{"href":"https:\/\/icoinformativo.mx\/home\/index.php?rest_route=%2Fwp%2Fv2%2Fmedia&parent=32420"}],"wp:term":[{"taxonomy":"category","embeddable":true,"href":"https:\/\/icoinformativo.mx\/home\/index.php?rest_route=%2Fwp%2Fv2%2Fcategories&post=32420"},{"taxonomy":"post_tag","embeddable":true,"href":"https:\/\/icoinformativo.mx\/home\/index.php?rest_route=%2Fwp%2Fv2%2Ftags&post=32420"}],"curies":[{"name":"wp","href":"https:\/\/api.w.org\/{rel}","templated":true}]}}