{"id":32392,"date":"2025-05-03T02:44:21","date_gmt":"2025-05-03T02:44:21","guid":{"rendered":"https:\/\/icoinformativo.mx\/home\/?p=32392"},"modified":"2025-05-03T02:44:21","modified_gmt":"2025-05-03T02:44:21","slug":"en-chiapa-de-corzo-eduardo-ramirez-impulsa-acciones-para-evitar-riesgos-por-lluvias","status":"publish","type":"post","link":"https:\/\/icoinformativo.mx\/home\/?p=32392","title":{"rendered":"En Chiapa de Corzo, Eduardo Ram\u00edrez impulsa acciones para evitar riesgos por lluvias"},"content":{"rendered":"<p>&nbsp;<\/p>\n<p>En el municipio de Chiapa de Corzo, el gobernador Eduardo Ram\u00edrez Aguilar asisti\u00f3 a la presentaci\u00f3n de las Acciones para la Reducci\u00f3n de Riesgos en la Temporada de Lluvias y Ciclones Tropicales 2025, donde subray\u00f3 que, tras haber recuperado la paz en el estado, su gobierno est\u00e1 redoblando esfuerzos en la agenda de desarrollo social, donde la protecci\u00f3n civil tiene un papel clave.<\/p>\n<p>&nbsp;<\/p>\n<p>Desde la Unidad Deportiva, donde se construir\u00e1 un muro de gavi\u00f3n para evitar inundaciones, el mandatario tambi\u00e9n reconoci\u00f3 la importancia tur\u00edstica de este Pueblo M\u00e1gico, que representa una de las principales expresiones culturales y de identidad de Chiapas. En este sentido, anunci\u00f3 que se dise\u00f1ar\u00e1 un plan de infraestructura para la cabecera municipal, junto con la poblaci\u00f3n, con el objetivo de atraer m\u00e1s visitantes y fortalecer la econom\u00eda local.<\/p>\n<p>&nbsp;<\/p>\n<p>\u201cVamos a hacer una reuni\u00f3n de trabajo para definir lo que sigue. Queremos promover m\u00e1s esta identidad que es reconocida internacionalmente, pero que a\u00fan muchos desconocen. Estamos empe\u00f1ados en que todo el mundo conozca lo que ocurre en Chiapa de Corzo. Esto se traducir\u00e1 en que tengamos m\u00e1s derrama econ\u00f3mica, m\u00e1s trabajo y una mayor coordinaci\u00f3n\u201d, expres\u00f3.<\/p>\n<p>&nbsp;<\/p>\n<p>Asimismo, Ram\u00edrez Aguilar adelant\u00f3 que una de las pr\u00f3ximas obras que se realizar\u00e1n es el relleno sanitario, entre otras acciones enfocadas a mejorar la calidad de vida de las familias del municipio.<\/p>\n<p>Durante su intervenci\u00f3n, el secretario de Protecci\u00f3n Civil, Mauricio Cordero Rodr\u00edguez, se\u00f1al\u00f3 que mediante el Fondo para la Gesti\u00f3n Integral de Riesgos de Desastres, se destinar\u00e1 una inversi\u00f3n importante para la construcci\u00f3n del muro de gavi\u00f3n en la Unidad Deportiva, un muro de contenci\u00f3n en la cancha deportiva del Fraccionamiento Santa Fe, la construcci\u00f3n del dren pluvial camino a Nuevo Bochil y el desazolve y rehabilitaci\u00f3n del dren pluvial del tramo carretero Tuxtla Guti\u00e9rrez-Chiapa de Corzo.<\/p>\n<p>&nbsp;<\/p>\n<p>Lo anterior, dijo, para salvaguardar la integridad de la poblaci\u00f3n y evitar la interrupci\u00f3n de servicios esenciales y encharcamientos, prolongando la vida \u00fatil de la infraestructura hidr\u00e1ulica, adem\u00e1s de garantizar espacios funcionales y resilientes, debido a que por su ubicaci\u00f3n geogr\u00e1fica, este municipio es vulnerable a inundaciones por lluvias.<\/p>\n<p>&nbsp;<\/p>\n<p>Por su parte, el alcalde de Chiapa de Corzo, L\u00edmbano Dom\u00ednguez Rom\u00e1n, se\u00f1al\u00f3 que estas obras de mitigaci\u00f3n y prevenci\u00f3n de riesgos responden a una demanda a\u00f1eja de la poblaci\u00f3n para proteger la Unidad Deportiva y los terrenos que, durante a\u00f1os, se han visto afectados por el crecimiento del r\u00edo durante la temporada de lluvias, lo que sin duda beneficiar\u00e1 a las y los habitantes.<\/p>\n<p>&nbsp;<\/p>\n<p>En representaci\u00f3n de la poblaci\u00f3n, Serv\u00edn Ju\u00e1rez Morales expres\u00f3 su gratitud por estas obras de gran impacto social. En ese sentido, hizo un llamado a la ciudadan\u00eda a cuidar y preservar estos espacios rehabilitados, ya que el esfuerzo conjunto es clave para que estas acciones sean duraderas.<\/p>\n<p>Acompa\u00f1aron al gobernador en este evento el presidente de la Mesa Directiva del Congreso del Estado, Luis Ignacio Avenda\u00f1o Berm\u00fadez; y el coordinador del Deporte del Ayuntamiento de Chiapa de Corzo, Luis Rodas L\u00f3pez, as\u00ed como habitantes beneficiados.<\/p>\n","protected":false},"excerpt":{"rendered":"<p>&nbsp; En el municipio de Chiapa de Corzo, el gobernador Eduardo Ram\u00edrez Aguilar asisti\u00f3 a&#8230;<\/p>\n","protected":false},"author":2,"featured_media":32393,"comment_status":"closed","ping_status":"closed","sticky":false,"template":"","format":"standard","meta":{"_joinchat":[],"footnotes":""},"categories":[18,1,2,3],"tags":[],"class_list":["post-32392","post","type-post","status-publish","format-standard","has-post-thumbnail","hentry","category-almomento","category-boletin","category-estado","category-health"],"_links":{"self":[{"href":"https:\/\/icoinformativo.mx\/home\/index.php?rest_route=\/wp\/v2\/posts\/32392","targetHints":{"allow":["GET"]}}],"collection":[{"href":"https:\/\/icoinformativo.mx\/home\/index.php?rest_route=\/wp\/v2\/posts"}],"about":[{"href":"https:\/\/icoinformativo.mx\/home\/index.php?rest_route=\/wp\/v2\/types\/post"}],"author":[{"embeddable":true,"href":"https:\/\/icoinformativo.mx\/home\/index.php?rest_route=\/wp\/v2\/users\/2"}],"replies":[{"embeddable":true,"href":"https:\/\/icoinformativo.mx\/home\/index.php?rest_route=%2Fwp%2Fv2%2Fcomments&post=32392"}],"version-history":[{"count":1,"href":"https:\/\/icoinformativo.mx\/home\/index.php?rest_route=\/wp\/v2\/posts\/32392\/revisions"}],"predecessor-version":[{"id":32394,"href":"https:\/\/icoinformativo.mx\/home\/index.php?rest_route=\/wp\/v2\/posts\/32392\/revisions\/32394"}],"wp:featuredmedia":[{"embeddable":true,"href":"https:\/\/icoinformativo.mx\/home\/index.php?rest_route=\/wp\/v2\/media\/32393"}],"wp:attachment":[{"href":"https:\/\/icoinformativo.mx\/home\/index.php?rest_route=%2Fwp%2Fv2%2Fmedia&parent=32392"}],"wp:term":[{"taxonomy":"category","embeddable":true,"href":"https:\/\/icoinformativo.mx\/home\/index.php?rest_route=%2Fwp%2Fv2%2Fcategories&post=32392"},{"taxonomy":"post_tag","embeddable":true,"href":"https:\/\/icoinformativo.mx\/home\/index.php?rest_route=%2Fwp%2Fv2%2Ftags&post=32392"}],"curies":[{"name":"wp","href":"https:\/\/api.w.org\/{rel}","templated":true}]}}