{"id":32389,"date":"2025-05-03T02:42:44","date_gmt":"2025-05-03T02:42:44","guid":{"rendered":"https:\/\/icoinformativo.mx\/home\/?p=32389"},"modified":"2025-05-03T02:42:44","modified_gmt":"2025-05-03T02:42:44","slug":"presidenta-claudia-sheinbaum-destaca-que-las-autopartes-hechas-en-mexico-no-pagaran-aranceles-de-acuerdo-con-la-cbp","status":"publish","type":"post","link":"https:\/\/icoinformativo.mx\/home\/?p=32389","title":{"rendered":"Presidenta Claudia Sheinbaum destaca que las autopartes hechas en M\u00e9xico no pagar\u00e1n aranceles de acuerdo con la CBP"},"content":{"rendered":"<p>&nbsp;<\/p>\n<p>* \u201cEs una muy buena noticia\u201d, se\u00f1al\u00f3 la Jefa del Ejecutivo Federal<\/p>\n<p>&nbsp;<\/p>\n<p>La Presidenta de M\u00e9xico destac\u00f3 que de acuerdo con una publicaci\u00f3n de Customs and Border Protection (CBP) las autopartes mexicanas no pagar\u00e1n ning\u00fan tipo de arancel, lo cual se\u00f1al\u00f3 como una muy buena noticia para el pa\u00eds.<\/p>\n<p>&nbsp;<\/p>\n<p>\u201cAyer hubo una muy buena noticia para M\u00e9xico. Ayer sali\u00f3 una publicaci\u00f3n de Estados Unidos, de CBP, en donde las autopartes mexicanas que se producen en M\u00e9xico, tienen cero aranceles. Es una muy buena noticia\u201d, asegur\u00f3 en la conferencia matutina: \u201dLas ma\u00f1aneras del pueblo\u201d.<\/p>\n<p>&nbsp;<\/p>\n<p>Precis\u00f3 que con estas nuevas especificaciones todo lo incluido dentro del Tratado Comercial M\u00e9xico \u2013 Estados Unidos \u2013 Canad\u00e1 tiene un tratado preferencial.<\/p>\n<p>&nbsp;<\/p>\n<p>Al respecto, el secretario de Econom\u00eda, Marcelo Ebrard asegur\u00f3 que las autopartes en M\u00e9xico son una industria muy grande en la que se encuentra una mayor cantidad de contenido nacional, por lo que la publicaci\u00f3n del CBP se alinea con lo establecido en el Tratado Comercial M\u00e9xico \u2013 Estados Unidos \u2013 Canad\u00e1.<\/p>\n<p>&nbsp;<\/p>\n<p>\u201cPienso que es un avance importante en nuestro pa\u00eds, que el d\u00eda de ayer se publicar\u00e1n instrucciones a las autoridades aduanales de los Estados Unidos y ah\u00ed se refiere, se ratifica, se hace expl\u00edcito, se subraya que las autopartes en M\u00e9xico &#8211; tambi\u00e9n lo ser\u00e1n para Canad\u00e1 -tienen el trato de nuestro Tratado, y por lo tanto no pagan aranceles, van a ser consideradas como si fueran tambi\u00e9n de Estados Unidos para los descuentos que en la industria automotriz van a aplicar o compensaciones que van a aplicar en las pr\u00f3ximas semanas\u201d, explic\u00f3.<\/p>\n","protected":false},"excerpt":{"rendered":"<p>&nbsp; * \u201cEs una muy buena noticia\u201d, se\u00f1al\u00f3 la Jefa del Ejecutivo Federal &nbsp; La&#8230;<\/p>\n","protected":false},"author":2,"featured_media":32390,"comment_status":"closed","ping_status":"closed","sticky":false,"template":"","format":"standard","meta":{"_joinchat":[],"footnotes":""},"categories":[18,1,2,3],"tags":[],"class_list":["post-32389","post","type-post","status-publish","format-standard","has-post-thumbnail","hentry","category-almomento","category-boletin","category-estado","category-health"],"_links":{"self":[{"href":"https:\/\/icoinformativo.mx\/home\/index.php?rest_route=\/wp\/v2\/posts\/32389","targetHints":{"allow":["GET"]}}],"collection":[{"href":"https:\/\/icoinformativo.mx\/home\/index.php?rest_route=\/wp\/v2\/posts"}],"about":[{"href":"https:\/\/icoinformativo.mx\/home\/index.php?rest_route=\/wp\/v2\/types\/post"}],"author":[{"embeddable":true,"href":"https:\/\/icoinformativo.mx\/home\/index.php?rest_route=\/wp\/v2\/users\/2"}],"replies":[{"embeddable":true,"href":"https:\/\/icoinformativo.mx\/home\/index.php?rest_route=%2Fwp%2Fv2%2Fcomments&post=32389"}],"version-history":[{"count":1,"href":"https:\/\/icoinformativo.mx\/home\/index.php?rest_route=\/wp\/v2\/posts\/32389\/revisions"}],"predecessor-version":[{"id":32391,"href":"https:\/\/icoinformativo.mx\/home\/index.php?rest_route=\/wp\/v2\/posts\/32389\/revisions\/32391"}],"wp:featuredmedia":[{"embeddable":true,"href":"https:\/\/icoinformativo.mx\/home\/index.php?rest_route=\/wp\/v2\/media\/32390"}],"wp:attachment":[{"href":"https:\/\/icoinformativo.mx\/home\/index.php?rest_route=%2Fwp%2Fv2%2Fmedia&parent=32389"}],"wp:term":[{"taxonomy":"category","embeddable":true,"href":"https:\/\/icoinformativo.mx\/home\/index.php?rest_route=%2Fwp%2Fv2%2Fcategories&post=32389"},{"taxonomy":"post_tag","embeddable":true,"href":"https:\/\/icoinformativo.mx\/home\/index.php?rest_route=%2Fwp%2Fv2%2Ftags&post=32389"}],"curies":[{"name":"wp","href":"https:\/\/api.w.org\/{rel}","templated":true}]}}