{"id":32386,"date":"2025-05-03T02:35:37","date_gmt":"2025-05-03T02:35:37","guid":{"rendered":"https:\/\/icoinformativo.mx\/home\/?p=32386"},"modified":"2025-05-03T02:35:37","modified_gmt":"2025-05-03T02:35:37","slug":"titular-del-inea-senala-a-chiapas-como-el-gran-referente-de-alfabetizacion-a-nivel-nacional","status":"publish","type":"post","link":"https:\/\/icoinformativo.mx\/home\/?p=32386","title":{"rendered":"Titular del INEA se\u00f1ala a Chiapas como el gran referente de alfabetizaci\u00f3n a nivel nacional"},"content":{"rendered":"<p>&nbsp;<\/p>\n<p>\u00b7 Asiste Armando Contreras Castillo a la s\u00e9ptima reuni\u00f3n del Comit\u00e9 T\u00e9cnico de Alfabetizaci\u00f3n<\/p>\n<p>&nbsp;<\/p>\n<p>Tuxtla Guti\u00e9rrez.- Con la presencia del director general del Instituto Nacional para la Educaci\u00f3n de los Adultos (INEA), Armando Contreras Castillo, el Comit\u00e9 T\u00e9cnico de Alfabetizaci\u00f3n del Programa Estatal \u00abChiapas Puede\u00bb realiz\u00f3 este viernes su s\u00e9ptima reuni\u00f3n de Seguimiento y Evaluaci\u00f3n de las acciones implementadas por los subsistemas educativos dentro de este programa.<\/p>\n<p>&nbsp;<\/p>\n<p>El encuentro estuvo encabezado por Roger Mandujano Ayala, secretario de Educaci\u00f3n; Sergio David Molina G\u00f3mez, director general del Instituto Chiapaneco de Educaci\u00f3n para J\u00f3venes y Adultos (Icheja); Ra\u00fal Eduardo Bonifaz Moedano, delegado federal de la SEP; Gilberto de los Santos Cruz, subsecretario de Educaci\u00f3n Estatal; Jos\u00e9 Alfredo Ram\u00edrez Guzm\u00e1n, subsecretario de Educaci\u00f3n Federalizada; Eduardo Grajales Gonz\u00e1lez, subsecretario de Planeaci\u00f3n Educativa; y Flor Marina Berm\u00fadez Urbina, coordinadora del Modelo de Alfabetizaci\u00f3n Mat\u00edas de C\u00f3rdova.<\/p>\n<p>&nbsp;<\/p>\n<p>Estando tambi\u00e9n presentes los titulares de las instituciones de Educaci\u00f3n Media y Superior del estado, as\u00ed como del Conafe, IAP, IEPPDCH e Icatech; Sergio David Molina G\u00f3mez, director del Icheja, comparti\u00f3 al titular del INEA el avance que cada una de las instituciones ha realizado bajo la coordinaci\u00f3n del Secretario de Educaci\u00f3n.<\/p>\n<p>&nbsp;<\/p>\n<p>\u00abA pesar de la diversidad y complejidad que representa el estado, quiero anunciarle que estamos consolidando la primera etapa de la alfabetizaci\u00f3n en Chiapas, no sin antes agradecer y reconocer el gran apoyo que hemos recibido por parte del gobernador Eduardo Ram\u00edrez, para poder alfabetizar a las personas m\u00e1s vulnerables en la entidad\u00bb, mencion\u00f3.<\/p>\n<p>&nbsp;<\/p>\n<p>Por su parte, Armando Contreras Castillo, director general del INEA, expres\u00f3 \u00abcreemos que en esta tarea todos estamos tomando al toro por los cuernos, en Chiapas es la atenci\u00f3n de un pendiente hist\u00f3rico en nuestro pa\u00eds. Hoy, el gobernador, y lo digo con mucho orgullo, ha convertido el objetivo de alfabetizar Chiapas en su segundo eje de gobierno despu\u00e9s de la construcci\u00f3n de la paz, y en ese sentido los n\u00fameros hablan por s\u00ed solos, ubicando a Eduardo Ram\u00edrez en el primer lugar en una encuesta nacional de gobernadores\u00bb.<\/p>\n<p>&nbsp;<\/p>\n<p>Contreras Castillo reconoci\u00f3 a Roger Mandujano y a Sergio David Molina como los grandes facilitadores para la implementaci\u00f3n de esta tarea que busca declarar a Chiapas territorio libre de analfabetismo y que, adem\u00e1s, se ha llevado tambi\u00e9n a otros estados del pa\u00eds siendo Chiapas la luz que ilumin\u00f3 el camino y la sensibilidad de otros gobiernos estatales.<\/p>\n<p>&nbsp;<\/p>\n<p>Por su parte, el secretario de Educaci\u00f3n, Roger Mandujano, agradeci\u00f3 a quienes trabajan en este programa de alfabetizaci\u00f3n en el que se han afinado y sectorizado estrategias para cumplir con las metas trazadas, enfatizando entre ellas la participaci\u00f3n de la agrupaci\u00f3n Mujeres ALFA.<\/p>\n<p>&nbsp;<\/p>\n<p>El titular de educaci\u00f3n insisti\u00f3 en continuar dando el mejor esfuerzo y compromiso en el programa educativo m\u00e1s grande de la historia de Chiapas, as\u00ed como en hacerlo su prioridad y cumplir as\u00ed con el objetivo planteado por el gobernador Eduardo Ram\u00edrez, de brindar mayores oportunidades de desarrollo y mejorar las condiciones de vida de las y los chiapanecos.<\/p>\n","protected":false},"excerpt":{"rendered":"<p>&nbsp; \u00b7 Asiste Armando Contreras Castillo a la s\u00e9ptima reuni\u00f3n del Comit\u00e9 T\u00e9cnico de Alfabetizaci\u00f3n&#8230;<\/p>\n","protected":false},"author":2,"featured_media":32387,"comment_status":"closed","ping_status":"closed","sticky":false,"template":"","format":"standard","meta":{"_joinchat":[],"footnotes":""},"categories":[18,1,2,3],"tags":[],"class_list":["post-32386","post","type-post","status-publish","format-standard","has-post-thumbnail","hentry","category-almomento","category-boletin","category-estado","category-health"],"_links":{"self":[{"href":"https:\/\/icoinformativo.mx\/home\/index.php?rest_route=\/wp\/v2\/posts\/32386","targetHints":{"allow":["GET"]}}],"collection":[{"href":"https:\/\/icoinformativo.mx\/home\/index.php?rest_route=\/wp\/v2\/posts"}],"about":[{"href":"https:\/\/icoinformativo.mx\/home\/index.php?rest_route=\/wp\/v2\/types\/post"}],"author":[{"embeddable":true,"href":"https:\/\/icoinformativo.mx\/home\/index.php?rest_route=\/wp\/v2\/users\/2"}],"replies":[{"embeddable":true,"href":"https:\/\/icoinformativo.mx\/home\/index.php?rest_route=%2Fwp%2Fv2%2Fcomments&post=32386"}],"version-history":[{"count":1,"href":"https:\/\/icoinformativo.mx\/home\/index.php?rest_route=\/wp\/v2\/posts\/32386\/revisions"}],"predecessor-version":[{"id":32388,"href":"https:\/\/icoinformativo.mx\/home\/index.php?rest_route=\/wp\/v2\/posts\/32386\/revisions\/32388"}],"wp:featuredmedia":[{"embeddable":true,"href":"https:\/\/icoinformativo.mx\/home\/index.php?rest_route=\/wp\/v2\/media\/32387"}],"wp:attachment":[{"href":"https:\/\/icoinformativo.mx\/home\/index.php?rest_route=%2Fwp%2Fv2%2Fmedia&parent=32386"}],"wp:term":[{"taxonomy":"category","embeddable":true,"href":"https:\/\/icoinformativo.mx\/home\/index.php?rest_route=%2Fwp%2Fv2%2Fcategories&post=32386"},{"taxonomy":"post_tag","embeddable":true,"href":"https:\/\/icoinformativo.mx\/home\/index.php?rest_route=%2Fwp%2Fv2%2Ftags&post=32386"}],"curies":[{"name":"wp","href":"https:\/\/api.w.org\/{rel}","templated":true}]}}