{"id":32383,"date":"2025-05-01T03:10:34","date_gmt":"2025-05-01T03:10:34","guid":{"rendered":"https:\/\/icoinformativo.mx\/home\/?p=32383"},"modified":"2025-05-01T03:10:34","modified_gmt":"2025-05-01T03:10:34","slug":"enaproc-chiapas-un-referente-internacional-mauricio-cordero","status":"publish","type":"post","link":"https:\/\/icoinformativo.mx\/home\/?p=32383","title":{"rendered":"Enaproc-Chiapas, un referente internacional: Mauricio Cordero"},"content":{"rendered":"<p>&nbsp;<\/p>\n<p>\u2022 El titular de la Secretar\u00eda de Protecci\u00f3n Civil en Chiapas sostuvo que, a lo largo de 15 a\u00f1os, la escuela ha sido pionera en la formaci\u00f3n de profesionales altamente capacitados<\/p>\n<p>&nbsp;<\/p>\n<p>Ocozocoautla de Espinosa, Chiapas.- En el marco de la celebraci\u00f3n de los 15 a\u00f1os de vida de la Escuela Nacional de Protecci\u00f3n Civil Campus Universitario Chiapas (Enaproc-Chiapas), el secretario de Protecci\u00f3n Civil en la entidad, Mauricio Cordero Rodr\u00edguez, dijo que esta instituci\u00f3n ha logrado consolidarse como un referente internacional en la gesti\u00f3n integral del riesgo y la protecci\u00f3n civil.<\/p>\n<p>&nbsp;<\/p>\n<p>Ante el secretario de Educaci\u00f3n, Roger Mandujano Ayala, representante personal del gobernador Eduardo Ram\u00edrez Aguilar, y el director general de la Centro Nacional de Prevenci\u00f3n de Desastres (Cenapred), Enrique Guevara Ort\u00edz, Cordero Rodr\u00edguez precis\u00f3 que a lo largo de estos 15 a\u00f1os, esta escuela ha sido pionera en la formaci\u00f3n de profesionales altamente capacitados, que no solo dominan el conocimiento t\u00e9cnico cient\u00edfico, sino que tambi\u00e9n lo integran con un enfoque humanista que enriquece su labor. \u201cEn este espacio se forjan no solo especialistas, sino l\u00edderes con una genuina vocaci\u00f3n de servicio, capaces de anticipar riesgos, proteger vidas y transformar realidades en nuestro entorno\u201d, expres\u00f3.<\/p>\n<p>&nbsp;<\/p>\n<p>El responsable de la Protecci\u00f3n Civil en la entidad dijo que en esta Nueva ERA de transformaci\u00f3n que vive Chiapas, es esencial que el conocimiento no solo sea \u00fatil, sino tambi\u00e9n \u00e9tico y comprometido con el bienestar de toda la comunidad. Por ello, recalc\u00f3 que en la Enaproc no solo se ense\u00f1a a prevenir desastres, sino a construir sociedades resilientes, justas e igualitarias, donde cada persona cuente y cada vida sea valorada.<\/p>\n<p>Por su parte, Roger Mandujano Ayala reconoci\u00f3 a Mauricio Cordero como el secretario m\u00e1s activo del gabinete de la Nueva ERA, y se comprometi\u00f3 a ser un firme promotor de la protecci\u00f3n civil a trav\u00e9s de la academia.<\/p>\n<p>&nbsp;<\/p>\n<p>En su momento, el director general de la Cenapred, Enrique Guevara Ort\u00edz, celebr\u00f3 el decimoquinto aniversario de la Enaproc-Chiapas y que sea una instituci\u00f3n reconocida a nivel nacional y en Centroam\u00e9rica.<\/p>\n<p>&nbsp;<\/p>\n<p>Finalmente, la directora de la Enaproc-Chiapas, Itza M\u00e1ynez Villegas, refiri\u00f3 que la conmemoraci\u00f3n de este aniversario representa una oportunidad para reflexionar sobre el papel de la educaci\u00f3n superior en la construcci\u00f3n de sociedades m\u00e1s resilientes, reafirmando el compromiso con la excelencia acad\u00e9mica, la innovaci\u00f3n educativa y la formaci\u00f3n de profesionales capaces de incidir en la transformaci\u00f3n de sus contextos.<\/p>\n<p>&nbsp;<\/p>\n<p>En este acto se reconoci\u00f3 a las y los egresados destacados, como Pablo Israel Escalona Almeraya, presidente del Instituto de Administraci\u00f3n y Aval\u00faos de Bienes Nacionales INDAABIN (egresado del Doctorado en Valuaci\u00f3n y Transferencia de Riesgos, primera generaci\u00f3n); Aurelio Roy Navarrete Cuevas, secretario de Protecci\u00f3n Civil del Estado de Sinaloa (egresado del Doctorado en Gesti\u00f3n Integral de Riesgos y Protecci\u00f3n Civil, primera generaci\u00f3n); Mar\u00eda de Lourdes Gonz\u00e1lez N\u00e1fate, secretaria de Protecci\u00f3n Civil de Berrioz\u00e1bal; Tania Cristel Ord\u00f3\u00f1ez Ram\u00edrez, secretaria de Protecci\u00f3n Civil del Municipio de Chapultenango; y Rub\u00ed Garc\u00eda Rodr\u00edguez, secretaria particular del secretario de Protecci\u00f3n Civil en el estado.<\/p>\n","protected":false},"excerpt":{"rendered":"<p>&nbsp; \u2022 El titular de la Secretar\u00eda de Protecci\u00f3n Civil en Chiapas sostuvo que, a&#8230;<\/p>\n","protected":false},"author":2,"featured_media":32384,"comment_status":"closed","ping_status":"closed","sticky":false,"template":"","format":"standard","meta":{"_joinchat":[],"footnotes":""},"categories":[18,1,2,3],"tags":[],"class_list":["post-32383","post","type-post","status-publish","format-standard","has-post-thumbnail","hentry","category-almomento","category-boletin","category-estado","category-health"],"_links":{"self":[{"href":"https:\/\/icoinformativo.mx\/home\/index.php?rest_route=\/wp\/v2\/posts\/32383","targetHints":{"allow":["GET"]}}],"collection":[{"href":"https:\/\/icoinformativo.mx\/home\/index.php?rest_route=\/wp\/v2\/posts"}],"about":[{"href":"https:\/\/icoinformativo.mx\/home\/index.php?rest_route=\/wp\/v2\/types\/post"}],"author":[{"embeddable":true,"href":"https:\/\/icoinformativo.mx\/home\/index.php?rest_route=\/wp\/v2\/users\/2"}],"replies":[{"embeddable":true,"href":"https:\/\/icoinformativo.mx\/home\/index.php?rest_route=%2Fwp%2Fv2%2Fcomments&post=32383"}],"version-history":[{"count":1,"href":"https:\/\/icoinformativo.mx\/home\/index.php?rest_route=\/wp\/v2\/posts\/32383\/revisions"}],"predecessor-version":[{"id":32385,"href":"https:\/\/icoinformativo.mx\/home\/index.php?rest_route=\/wp\/v2\/posts\/32383\/revisions\/32385"}],"wp:featuredmedia":[{"embeddable":true,"href":"https:\/\/icoinformativo.mx\/home\/index.php?rest_route=\/wp\/v2\/media\/32384"}],"wp:attachment":[{"href":"https:\/\/icoinformativo.mx\/home\/index.php?rest_route=%2Fwp%2Fv2%2Fmedia&parent=32383"}],"wp:term":[{"taxonomy":"category","embeddable":true,"href":"https:\/\/icoinformativo.mx\/home\/index.php?rest_route=%2Fwp%2Fv2%2Fcategories&post=32383"},{"taxonomy":"post_tag","embeddable":true,"href":"https:\/\/icoinformativo.mx\/home\/index.php?rest_route=%2Fwp%2Fv2%2Ftags&post=32383"}],"curies":[{"name":"wp","href":"https:\/\/api.w.org\/{rel}","templated":true}]}}