{"id":32369,"date":"2025-05-01T02:56:17","date_gmt":"2025-05-01T02:56:17","guid":{"rendered":"https:\/\/icoinformativo.mx\/home\/?p=32369"},"modified":"2025-05-01T02:56:17","modified_gmt":"2025-05-01T02:56:17","slug":"impulsa-sagyp-trabajo-coordinado-con-nuevos-delegados-regionales","status":"publish","type":"post","link":"https:\/\/icoinformativo.mx\/home\/?p=32369","title":{"rendered":"Impulsa SAGyP trabajo coordinado con nuevos delegados regionales"},"content":{"rendered":"<p>Tuxtla Guti\u00e9rrez.\u2013 La Secretar\u00eda de Agricultura, Ganader\u00eda y Pesca (SAGyP) de Chiapas, encabezada por su titular, Marco Antonio Barba Arrocha, entreg\u00f3 nombramientos a los nuevos delegados regionales como parte de una estrategia para fortalecer la presencia institucional en el territorio, y mejorar la atenci\u00f3n directa a los sectores productivos.<\/p>\n<p>&nbsp;<\/p>\n<p>Durante el acto, realizado en las oficinas de la SAGyP, Barba Arrocha destac\u00f3 que estas designaciones reflejan un compromiso serio del gobernador Eduardo Ram\u00edrez con Chiapas y responden a la necesidad de construir un equipo con visi\u00f3n t\u00e9cnica, arraigo regional y sentido de servicio.<\/p>\n<p>&nbsp;<\/p>\n<p>El secretario pidi\u00f3 a los nuevos delegados trabajar con orden, disciplina y sensibilidad social. Se\u00f1al\u00f3 que el rumbo est\u00e1 claro desde el 8 de diciembre, cuando el actual gobierno estatal asumi\u00f3 la responsabilidad de reactivar la econom\u00eda y devolverle estabilidad a Chiapas. Subray\u00f3 que la encomienda es fortalecer la agricultura, la ganader\u00eda y la pesca, con orden y transparencia, y rendir cuentas al sector con la frente en alto.<\/p>\n<p>&nbsp;<\/p>\n<p>\u201cTenemos que escuchar a la gente, caminar con ellos y encontrar soluciones. Hoy tenemos un plan estatal de desarrollo aprobado por el Congreso, y debemos alinearnos a \u00e9l con propuestas claras, medibles y ejecutables\u201d, afirm\u00f3. Adem\u00e1s, hizo un llamado a actuar con sentido humano: \u201cQuien llega a nuestras oficinas viene con esfuerzo y esperanza; merecen ser tratados con respeto y atenci\u00f3n\u201d.<\/p>\n<p>&nbsp;<\/p>\n<p>El secretario, quien estuvo acompa\u00f1ado del subsecretario de Ganader\u00eda, H\u00e9ctor Albores Cruz; del director de Fomento y Desarrollo Agr\u00edcola, C\u00e9sar Antonio N\u00e1jera Tovar, entre otros, enfatiz\u00f3 que la transparencia ser\u00e1 una prioridad en la ejecuci\u00f3n de programas agr\u00edcolas, pecuarios y pesqueros. Reconoci\u00f3 la complejidad log\u00edstica en algunas regiones, pero insisti\u00f3 en que \u201cel trabajo bien hecho se nota y el compromiso se demuestra todos los d\u00edas\u201d.<\/p>\n<p>&nbsp;<\/p>\n<p>Los nuevos delegados regionales son: Luis G\u00f3mez Zavala (coordinador de Delegados), Mois\u00e9s Alberto Espinoza Almaraz (Altos\u2013San Crist\u00f3bal de las Casas), Jos\u00e9 Manuel V\u00e1zquez Calvo (Fronteriza\u2013Comit\u00e1n), Jos\u00e9 Edgar Garc\u00eda Mart\u00ednez (Frailesca\u2013Villaflores), V\u00edctor Manuel Quintero G\u00e1lvez (Norte\u2013Pichucalco), V\u00edctor Antonio Arellano Manzanero (Selva \u2013 Palenque), Francisco Guti\u00e9rrez (VI Sierra\u2013Motozintla), Eduardo V\u00e1zquez (Soconusco\u2013 Tapachula), Rafael Mendoza Rivera (Costa \u2013 Tonal\u00e1), Roberto Carlos Guill\u00e9n Trujillo (Selva Lacandona \u2013 Ocosingo) y Mario V\u00e1zquez Acosta (Yajal\u00f3n).<\/p>\n<p>&nbsp;<\/p>\n<p>\u201cLos recursos no sobran, por eso hay que aprovecharlos con responsabilidad y compromiso. Tenemos viveros que requieren atenci\u00f3n permanente y metas claras. Vamos a generar empleo, producci\u00f3n y bienestar para quienes dependen del campo\u201d, subray\u00f3.<\/p>\n<p>&nbsp;<\/p>\n<p>Finalmente, reiter\u00f3 que la SAGyP trabajar\u00e1 de la mano con productores, autoridades municipales, inversionistas y otros niveles de gobierno para detonar el desarrollo rural integral en Chiapas. \u201cLes pido lealtad al gobernador, cercan\u00eda con la gente y resultados concretos. Estamos aqu\u00ed para servir con vocaci\u00f3n, eficiencia y coraz\u00f3n\u201d, concluy\u00f3.<\/p>\n","protected":false},"excerpt":{"rendered":"<p>Tuxtla Guti\u00e9rrez.\u2013 La Secretar\u00eda de Agricultura, Ganader\u00eda y Pesca (SAGyP) de Chiapas, encabezada por su&#8230;<\/p>\n","protected":false},"author":2,"featured_media":32370,"comment_status":"closed","ping_status":"closed","sticky":false,"template":"","format":"standard","meta":{"_joinchat":[],"footnotes":""},"categories":[18,1,2,3],"tags":[],"class_list":["post-32369","post","type-post","status-publish","format-standard","has-post-thumbnail","hentry","category-almomento","category-boletin","category-estado","category-health"],"_links":{"self":[{"href":"https:\/\/icoinformativo.mx\/home\/index.php?rest_route=\/wp\/v2\/posts\/32369","targetHints":{"allow":["GET"]}}],"collection":[{"href":"https:\/\/icoinformativo.mx\/home\/index.php?rest_route=\/wp\/v2\/posts"}],"about":[{"href":"https:\/\/icoinformativo.mx\/home\/index.php?rest_route=\/wp\/v2\/types\/post"}],"author":[{"embeddable":true,"href":"https:\/\/icoinformativo.mx\/home\/index.php?rest_route=\/wp\/v2\/users\/2"}],"replies":[{"embeddable":true,"href":"https:\/\/icoinformativo.mx\/home\/index.php?rest_route=%2Fwp%2Fv2%2Fcomments&post=32369"}],"version-history":[{"count":1,"href":"https:\/\/icoinformativo.mx\/home\/index.php?rest_route=\/wp\/v2\/posts\/32369\/revisions"}],"predecessor-version":[{"id":32371,"href":"https:\/\/icoinformativo.mx\/home\/index.php?rest_route=\/wp\/v2\/posts\/32369\/revisions\/32371"}],"wp:featuredmedia":[{"embeddable":true,"href":"https:\/\/icoinformativo.mx\/home\/index.php?rest_route=\/wp\/v2\/media\/32370"}],"wp:attachment":[{"href":"https:\/\/icoinformativo.mx\/home\/index.php?rest_route=%2Fwp%2Fv2%2Fmedia&parent=32369"}],"wp:term":[{"taxonomy":"category","embeddable":true,"href":"https:\/\/icoinformativo.mx\/home\/index.php?rest_route=%2Fwp%2Fv2%2Fcategories&post=32369"},{"taxonomy":"post_tag","embeddable":true,"href":"https:\/\/icoinformativo.mx\/home\/index.php?rest_route=%2Fwp%2Fv2%2Ftags&post=32369"}],"curies":[{"name":"wp","href":"https:\/\/api.w.org\/{rel}","templated":true}]}}