{"id":32360,"date":"2025-05-01T02:40:17","date_gmt":"2025-05-01T02:40:17","guid":{"rendered":"https:\/\/icoinformativo.mx\/home\/?p=32360"},"modified":"2025-05-01T02:40:32","modified_gmt":"2025-05-01T02:40:32","slug":"desde-palenque-eduardo-ramirez-reafirma-compromiso-con-la-ninez","status":"publish","type":"post","link":"https:\/\/icoinformativo.mx\/home\/?p=32360","title":{"rendered":"Desde Palenque, Eduardo Ram\u00edrez reafirma compromiso con la ni\u00f1ez"},"content":{"rendered":"<p>El auditorio La Primavera, en el municipio de Palenque, se llen\u00f3 de risas y felicidad con la presencia de ni\u00f1as y ni\u00f1os provenientes de distintas colonias, barrios, ejidos y rancher\u00edas, quienes, acompa\u00f1ados de sus madres y padres, se reunieron para celebrar el D\u00eda de la Ni\u00f1a y el Ni\u00f1o junto al gobernador Eduardo Ram\u00edrez Aguilar.<\/p>\n<p>&nbsp;<\/p>\n<p>\u00abVengo a saludarlos y decirles que siempre estaremos pendientes de su educaci\u00f3n y salud, de que cuenten con una buena alimentaci\u00f3n y, sobre todo, que su derecho a jugar y ser felices est\u00e9 plenamente garantizado\u00bb, expres\u00f3 el mandatario, contagiado por el entusiasmo de la ni\u00f1ez.<\/p>\n<p>&nbsp;<\/p>\n<p>El alcalde de Palenque, Jorge Cabrera Aguilar, expres\u00f3 su gratitud al gobernador Eduardo Ram\u00edrez por sumarse a este festejo para las y los ni\u00f1os de este municipio, a quienes invit\u00f3 a portarse bien, obedecer a sus mam\u00e1s y pap\u00e1s, y esmerarse en sus estudios, \u201cporque ustedes son el futuro de nuestro municipio y de Chiapas\u201d.<\/p>\n<p>&nbsp;<\/p>\n<p>En este ambiente festivo, las y los peque\u00f1os disfrutaron de m\u00fasica, espect\u00e1culo de payasos, concursos y juegos. Adem\u00e1s, manifestaron su emoci\u00f3n al recibir regalos y convivir con el gobernador, con quien se tomaron la fotograf\u00eda del recuerdo.<\/p>\n<p>&nbsp;<\/p>\n<p>En esta celebraci\u00f3n tambi\u00e9n estuvieron presentes el secretario de Salud, Omar G\u00f3mez Cruz y la presidenta del DIF municipal de Palenque, Nayeli Hern\u00e1ndez Morales.<\/p>\n","protected":false},"excerpt":{"rendered":"<p>El auditorio La Primavera, en el municipio de Palenque, se llen\u00f3 de risas y felicidad&#8230;<\/p>\n","protected":false},"author":2,"featured_media":32361,"comment_status":"closed","ping_status":"closed","sticky":false,"template":"","format":"standard","meta":{"_joinchat":[],"footnotes":""},"categories":[18,1,2,3],"tags":[],"class_list":["post-32360","post","type-post","status-publish","format-standard","has-post-thumbnail","hentry","category-almomento","category-boletin","category-estado","category-health"],"_links":{"self":[{"href":"https:\/\/icoinformativo.mx\/home\/index.php?rest_route=\/wp\/v2\/posts\/32360","targetHints":{"allow":["GET"]}}],"collection":[{"href":"https:\/\/icoinformativo.mx\/home\/index.php?rest_route=\/wp\/v2\/posts"}],"about":[{"href":"https:\/\/icoinformativo.mx\/home\/index.php?rest_route=\/wp\/v2\/types\/post"}],"author":[{"embeddable":true,"href":"https:\/\/icoinformativo.mx\/home\/index.php?rest_route=\/wp\/v2\/users\/2"}],"replies":[{"embeddable":true,"href":"https:\/\/icoinformativo.mx\/home\/index.php?rest_route=%2Fwp%2Fv2%2Fcomments&post=32360"}],"version-history":[{"count":1,"href":"https:\/\/icoinformativo.mx\/home\/index.php?rest_route=\/wp\/v2\/posts\/32360\/revisions"}],"predecessor-version":[{"id":32362,"href":"https:\/\/icoinformativo.mx\/home\/index.php?rest_route=\/wp\/v2\/posts\/32360\/revisions\/32362"}],"wp:featuredmedia":[{"embeddable":true,"href":"https:\/\/icoinformativo.mx\/home\/index.php?rest_route=\/wp\/v2\/media\/32361"}],"wp:attachment":[{"href":"https:\/\/icoinformativo.mx\/home\/index.php?rest_route=%2Fwp%2Fv2%2Fmedia&parent=32360"}],"wp:term":[{"taxonomy":"category","embeddable":true,"href":"https:\/\/icoinformativo.mx\/home\/index.php?rest_route=%2Fwp%2Fv2%2Fcategories&post=32360"},{"taxonomy":"post_tag","embeddable":true,"href":"https:\/\/icoinformativo.mx\/home\/index.php?rest_route=%2Fwp%2Fv2%2Ftags&post=32360"}],"curies":[{"name":"wp","href":"https:\/\/api.w.org\/{rel}","templated":true}]}}