{"id":32354,"date":"2025-04-29T20:34:07","date_gmt":"2025-04-29T20:34:07","guid":{"rendered":"https:\/\/icoinformativo.mx\/home\/?p=32354"},"modified":"2025-04-29T20:34:07","modified_gmt":"2025-04-29T20:34:07","slug":"imposicion-de-bandas-en-la-feria-anual-solosuchiapa-2025","status":"publish","type":"post","link":"https:\/\/icoinformativo.mx\/home\/?p=32354","title":{"rendered":"*Imposici\u00f3n de Bandas en la Feria Anual Solosuchiapa 2025*"},"content":{"rendered":"<p>&nbsp;<\/p>\n<p>En un ambiente de emoci\u00f3n y expectaci\u00f3n, se llev\u00f3 a cabo la imposici\u00f3n de bandas a las 4 candidatas que competir\u00e1n en el marco de la Feria Anual Solosuchiapa 2025, en honor a Santa Catalina de Siena. El evento cont\u00f3 con la distinguida presencia de miembros del Cabildo, quienes se unieron a la celebraci\u00f3n de esta tradicional feria.<\/p>\n<p>&nbsp;<\/p>\n<p>*Un Momento Especial*<\/p>\n<p>&nbsp;<\/p>\n<p>La imposici\u00f3n de bandas es un momento clave en el certamen, ya que marca el inicio oficial de la competencia. Las candidatas lucieron sonrisas radiantes y se mostraron emocionadas al recibir sus bandas, simbolizando su participaci\u00f3n en este importante evento.<\/p>\n<p>&nbsp;<\/p>\n<p>*La Feria Anual Solosuchiapa 2025*<\/p>\n<p>&nbsp;<\/p>\n<p>La Feria Anual Solosuchiapa es una celebraci\u00f3n arraigada en la tradici\u00f3n y la cultura de la regi\u00f3n. En honor a Santa Catalina de Siena, la feria ofrece una variedad de actividades, incluyendo m\u00fasica, danza, gastronom\u00eda y eventos culturales.<\/p>\n<p>&nbsp;<\/p>\n<p>*Miembros del Cabildo Presentes*<\/p>\n<p>&nbsp;<\/p>\n<p>La presencia de miembros del Cabildo en el evento destaca la importancia que se le da a la feria y a la participaci\u00f3n ciudadana en la vida cultural y social del municipio. Su apoyo y reconocimiento a las candidatas y a la organizaci\u00f3n del evento reflejan el compromiso de las autoridades con la promoci\u00f3n de la cultura y la tradici\u00f3n.<\/p>\n<p>&nbsp;<\/p>\n<p>La Feria Anual Solosuchiapa 2025 promete ser un evento inolvidable, lleno de m\u00fasica, alegr\u00eda y celebraci\u00f3n. \u00a1No te pierdas la oportunidad de vivir esta experiencia \u00fanica!<\/p>\n","protected":false},"excerpt":{"rendered":"<p>&nbsp; En un ambiente de emoci\u00f3n y expectaci\u00f3n, se llev\u00f3 a cabo la imposici\u00f3n de&#8230;<\/p>\n","protected":false},"author":2,"featured_media":32355,"comment_status":"closed","ping_status":"closed","sticky":false,"template":"","format":"standard","meta":{"_joinchat":[],"footnotes":""},"categories":[18,1,2,3],"tags":[],"class_list":["post-32354","post","type-post","status-publish","format-standard","has-post-thumbnail","hentry","category-almomento","category-boletin","category-estado","category-health"],"_links":{"self":[{"href":"https:\/\/icoinformativo.mx\/home\/index.php?rest_route=\/wp\/v2\/posts\/32354","targetHints":{"allow":["GET"]}}],"collection":[{"href":"https:\/\/icoinformativo.mx\/home\/index.php?rest_route=\/wp\/v2\/posts"}],"about":[{"href":"https:\/\/icoinformativo.mx\/home\/index.php?rest_route=\/wp\/v2\/types\/post"}],"author":[{"embeddable":true,"href":"https:\/\/icoinformativo.mx\/home\/index.php?rest_route=\/wp\/v2\/users\/2"}],"replies":[{"embeddable":true,"href":"https:\/\/icoinformativo.mx\/home\/index.php?rest_route=%2Fwp%2Fv2%2Fcomments&post=32354"}],"version-history":[{"count":1,"href":"https:\/\/icoinformativo.mx\/home\/index.php?rest_route=\/wp\/v2\/posts\/32354\/revisions"}],"predecessor-version":[{"id":32356,"href":"https:\/\/icoinformativo.mx\/home\/index.php?rest_route=\/wp\/v2\/posts\/32354\/revisions\/32356"}],"wp:featuredmedia":[{"embeddable":true,"href":"https:\/\/icoinformativo.mx\/home\/index.php?rest_route=\/wp\/v2\/media\/32355"}],"wp:attachment":[{"href":"https:\/\/icoinformativo.mx\/home\/index.php?rest_route=%2Fwp%2Fv2%2Fmedia&parent=32354"}],"wp:term":[{"taxonomy":"category","embeddable":true,"href":"https:\/\/icoinformativo.mx\/home\/index.php?rest_route=%2Fwp%2Fv2%2Fcategories&post=32354"},{"taxonomy":"post_tag","embeddable":true,"href":"https:\/\/icoinformativo.mx\/home\/index.php?rest_route=%2Fwp%2Fv2%2Ftags&post=32354"}],"curies":[{"name":"wp","href":"https:\/\/api.w.org\/{rel}","templated":true}]}}