{"id":32351,"date":"2025-04-29T20:29:56","date_gmt":"2025-04-29T20:29:56","guid":{"rendered":"https:\/\/icoinformativo.mx\/home\/?p=32351"},"modified":"2025-04-29T20:29:56","modified_gmt":"2025-04-29T20:29:56","slug":"nelson-kanzela-encendera-la-noche-en-la-feria-anual-de-solosuchiapa-2025","status":"publish","type":"post","link":"https:\/\/icoinformativo.mx\/home\/?p=32351","title":{"rendered":"**Nelson Kanzela Encender\u00e1 la Noche en la Feria Anual de Solosuchiapa 2025**"},"content":{"rendered":"<p>&nbsp;<\/p>\n<p>Solosuchiapa, Chiapas &#8211; En el marco de la Feria Anual de Solosuchiapa 2025, el Ayuntamiento, encabezado por el presidente Fernando Aparicio G\u00f3mez, est\u00e1 listo para una velada inolvidable. Esta noche, el famoso cantante de cumbia Nelson Kanzela se presentar\u00e1 en el escenario principal, prometiendo poner a bailar a todos los asistentes con sus contagiosos ritmos y carisma \u00fanico.<\/p>\n<p>&nbsp;<\/p>\n<p>El evento, que forma parte de las festividades anuales, tiene como objetivo fomentar la alegr\u00eda y la unidad entre los habitantes de la regi\u00f3n. \u00abInvitamos a toda la comunidad a participar en esta gran fiesta, donde la m\u00fasica y la diversi\u00f3n ser\u00e1n los protagonistas\u00bb, expres\u00f3 Fernando Aparicio G\u00f3mez, quien destac\u00f3 la importancia de celebrar juntos y disfrutar de la cultura local.<\/p>\n<p>&nbsp;<\/p>\n<p>Los asistentes podr\u00e1n disfrutar de un espect\u00e1culo lleno de energ\u00eda, en el que Nelson Kanzela interpretar\u00e1 sus m\u00e1s grandes \u00e9xitos, llevando al p\u00fablico a disfrutar de una noche de baile y diversi\u00f3n. La presentaci\u00f3n est\u00e1 dise\u00f1ada para todos los gustos, con el fin de crear un ambiente familiar y festivo.<\/p>\n<p>&nbsp;<\/p>\n<p>Se espera una gran afluencia de p\u00fablico, que har\u00e1 de esta noche un momento especial dentro de la programaci\u00f3n de la Feria. Las actividades de la feria, que tambi\u00e9n incluyen exhibiciones, gastronom\u00eda y tradiciones locales, suman al ambiente festivo y a la celebraci\u00f3n de la identidad cultural de Solosuchiapa.<\/p>\n<p>&nbsp;<\/p>\n<p>La cita es esta noche, donde el ritmo y la alegr\u00eda no tendr\u00e1n l\u00edmites. \u00a1No te pierdas la oportunidad de vivir esta experiencia \u00fanica y disfrutar de una noche m\u00e1gica con Nelson Kanzela!<\/p>\n<p>&nbsp;<\/p>\n","protected":false},"excerpt":{"rendered":"<p>&nbsp; Solosuchiapa, Chiapas &#8211; En el marco de la Feria Anual de Solosuchiapa 2025, el&#8230;<\/p>\n","protected":false},"author":2,"featured_media":32352,"comment_status":"closed","ping_status":"closed","sticky":false,"template":"","format":"standard","meta":{"_joinchat":[],"footnotes":""},"categories":[18,1,2,3],"tags":[],"class_list":["post-32351","post","type-post","status-publish","format-standard","has-post-thumbnail","hentry","category-almomento","category-boletin","category-estado","category-health"],"_links":{"self":[{"href":"https:\/\/icoinformativo.mx\/home\/index.php?rest_route=\/wp\/v2\/posts\/32351","targetHints":{"allow":["GET"]}}],"collection":[{"href":"https:\/\/icoinformativo.mx\/home\/index.php?rest_route=\/wp\/v2\/posts"}],"about":[{"href":"https:\/\/icoinformativo.mx\/home\/index.php?rest_route=\/wp\/v2\/types\/post"}],"author":[{"embeddable":true,"href":"https:\/\/icoinformativo.mx\/home\/index.php?rest_route=\/wp\/v2\/users\/2"}],"replies":[{"embeddable":true,"href":"https:\/\/icoinformativo.mx\/home\/index.php?rest_route=%2Fwp%2Fv2%2Fcomments&post=32351"}],"version-history":[{"count":1,"href":"https:\/\/icoinformativo.mx\/home\/index.php?rest_route=\/wp\/v2\/posts\/32351\/revisions"}],"predecessor-version":[{"id":32353,"href":"https:\/\/icoinformativo.mx\/home\/index.php?rest_route=\/wp\/v2\/posts\/32351\/revisions\/32353"}],"wp:featuredmedia":[{"embeddable":true,"href":"https:\/\/icoinformativo.mx\/home\/index.php?rest_route=\/wp\/v2\/media\/32352"}],"wp:attachment":[{"href":"https:\/\/icoinformativo.mx\/home\/index.php?rest_route=%2Fwp%2Fv2%2Fmedia&parent=32351"}],"wp:term":[{"taxonomy":"category","embeddable":true,"href":"https:\/\/icoinformativo.mx\/home\/index.php?rest_route=%2Fwp%2Fv2%2Fcategories&post=32351"},{"taxonomy":"post_tag","embeddable":true,"href":"https:\/\/icoinformativo.mx\/home\/index.php?rest_route=%2Fwp%2Fv2%2Ftags&post=32351"}],"curies":[{"name":"wp","href":"https:\/\/api.w.org\/{rel}","templated":true}]}}