{"id":32284,"date":"2025-04-15T02:40:10","date_gmt":"2025-04-15T02:40:10","guid":{"rendered":"https:\/\/icoinformativo.mx\/home\/?p=32284"},"modified":"2025-04-15T02:40:10","modified_gmt":"2025-04-15T02:40:10","slug":"chiapas-se-suma-al-dia-mundial-cuantico-en-el-planetario-tuxtla","status":"publish","type":"post","link":"https:\/\/icoinformativo.mx\/home\/?p=32284","title":{"rendered":"Chiapas se suma al D\u00eda Mundial Cu\u00e1ntico en el Planetario Tuxtla"},"content":{"rendered":"<div id=\"m_toolbarLayer\" class=\"layer\"><\/div>\n<div id=\"m_textViewLayer\" class=\"layer\">\n<div id=\"m_content\">\n<div id=\"pc1\">\n<div id=\"p1\">\n<div><\/div>\n<ul>\n<li>\n<div>\u00b7 Nueve conferencias disertadas por investigadores estatales nacionales y extranjeros\u00a0que desentra\u00f1an los misterios del universo<\/div>\n<\/li>\n<li>\n<div>\u00b7 J\u00f3venes chiapanecos descubren c\u00f3mo la tecnolog\u00eda cu\u00e1ntica revolucionar\u00e1\u00a0computaci\u00f3n, comunicaci\u00f3n y m\u00e1s<\/div>\n<\/li>\n<\/ul>\n<div><\/div>\n<div>Tuxtla Guti\u00e9rrez, 14 de abril de 2025. \u2014 En el marco del A\u00f1o Internacional de la Ciencia y la\u00a0Tecnolog\u00eda Cu\u00e1ntica, la Agencia Digital Tecnol\u00f3gica del Estado (Aditech) dirigida por Jovani\u00a0Salazar, en colaboraci\u00f3n con la Facultad de Ciencias en F\u00edsica y Matem\u00e1ticas de la Unach,\u00a0organiz\u00f3 una jornada de conferencias presenciales y virtuales para democratizar el\u00a0conocimiento sobre los avances cu\u00e1nticos y su impacto global.<\/div>\n<div>En el marco de las conferencias, el director de la Aditech, Jovani Salazar, destac\u00f3 que este\u00a0evento es un espacio donde la curiosidad, el conocimiento y la imaginaci\u00f3n se dieron cita\u00a0para seguir explorando los misterios del universo. Reconoci\u00f3 el esfuerzo de los\u00a0organizadores al impulsar la teor\u00eda cu\u00e1ntica en Chiapas, un estado con rezago tecnol\u00f3gico\u00a0es un acto de visi\u00f3n. \u201cHay talento joven con potencial; debemos inspirarlos a ser\u00a0investigador o investigadora no es para todos, sino para quienes transforman el futuro\u00bb,\u00a0concluy\u00f3.<\/div>\n<div>Por su parte, Emily Franco Escudero, representante del Comit\u00e9 Organizador de la Unach,\u00a0destac\u00f3 que el evento trasciende las charlas acad\u00e9micas, es una invitaci\u00f3n a reinventar el\u00a0futuro con voces expertas, exploramos c\u00f3mo la cu\u00e1ntica est\u00e1 revolucionando la\u00a0computaci\u00f3n, las comunicaciones y la simulaci\u00f3n de sistemas complejos, \u201cqueremos que\u00a0las juventudes chiapanecas vean en la ciencia un motor de cambio\u00bb, afirm\u00f3.<\/div>\n<div>El Planetario Tuxtla fue sede de este di\u00e1logo entre estudiantes, acad\u00e9micos y cient\u00edficos\u00a0nacionales e internacionales, entre ellos: Pavel Castro Villareal y \u00c1ngel Herminilo de la Cruz,\u00a0de la Universidad Aut\u00f3noma de Chiapas; Jes\u00fas Alejandro del Centro Mesoamericano de\u00a0F\u00edsica Te\u00f3rica; y Romeo de Coss de Cinvestav-M\u00e9rida.<\/div>\n<div>As\u00ed tambi\u00e9n Ulises Nucamendi, Universidad Michoacana de San Nicol\u00e1s de Hidalgo; Iv\u00e1n\u00a0Mu\u00f1oz Grajales, de la Benem\u00e9rita Universidad Aut\u00f3noma de Puebla (BUAP); Leonardi\u00a0Hern\u00e1ndez S\u00e1nchez, del Instituto Nacional de Astrof\u00edsica, \u00d3ptica y Electr\u00f3nica (INAOE);\u00a0Sebasti\u00e1n Alvarado P\u00e9rez, de la Universidad Nacional Aut\u00f3noma de M\u00e9xico (UNAM); e Iv\u00e1n\u00a0Bocanegra Garay de la Universidad de Valladolid, Valladolid Espa\u00f1a.<\/div>\n<div>Los temas clave de las conferencias fueron: L\u00edquidos cu\u00e1nticos para computadoras del\u00a0futuro, Materia oscura del universo, Fibras \u00f3pticas cu\u00e1nticas y enredamiento cu\u00e1ntico. Un\u00a0espacio donde la curiosidad y la innovaci\u00f3n se fusionaron para descifrar los enigmas de lo\u00a0invisible.<\/div>\n<\/div>\n<hr class=\"pageHrV2\" \/>\n<\/div>\n<\/div>\n<\/div>\n","protected":false},"excerpt":{"rendered":"<p>\u00b7 Nueve conferencias disertadas por investigadores estatales nacionales y extranjeros\u00a0que desentra\u00f1an los misterios del universo&#8230;<\/p>\n","protected":false},"author":2,"featured_media":32285,"comment_status":"closed","ping_status":"closed","sticky":false,"template":"","format":"standard","meta":{"_joinchat":[],"footnotes":""},"categories":[18,1,2,3],"tags":[],"class_list":["post-32284","post","type-post","status-publish","format-standard","has-post-thumbnail","hentry","category-almomento","category-boletin","category-estado","category-health"],"_links":{"self":[{"href":"https:\/\/icoinformativo.mx\/home\/index.php?rest_route=\/wp\/v2\/posts\/32284","targetHints":{"allow":["GET"]}}],"collection":[{"href":"https:\/\/icoinformativo.mx\/home\/index.php?rest_route=\/wp\/v2\/posts"}],"about":[{"href":"https:\/\/icoinformativo.mx\/home\/index.php?rest_route=\/wp\/v2\/types\/post"}],"author":[{"embeddable":true,"href":"https:\/\/icoinformativo.mx\/home\/index.php?rest_route=\/wp\/v2\/users\/2"}],"replies":[{"embeddable":true,"href":"https:\/\/icoinformativo.mx\/home\/index.php?rest_route=%2Fwp%2Fv2%2Fcomments&post=32284"}],"version-history":[{"count":1,"href":"https:\/\/icoinformativo.mx\/home\/index.php?rest_route=\/wp\/v2\/posts\/32284\/revisions"}],"predecessor-version":[{"id":32286,"href":"https:\/\/icoinformativo.mx\/home\/index.php?rest_route=\/wp\/v2\/posts\/32284\/revisions\/32286"}],"wp:featuredmedia":[{"embeddable":true,"href":"https:\/\/icoinformativo.mx\/home\/index.php?rest_route=\/wp\/v2\/media\/32285"}],"wp:attachment":[{"href":"https:\/\/icoinformativo.mx\/home\/index.php?rest_route=%2Fwp%2Fv2%2Fmedia&parent=32284"}],"wp:term":[{"taxonomy":"category","embeddable":true,"href":"https:\/\/icoinformativo.mx\/home\/index.php?rest_route=%2Fwp%2Fv2%2Fcategories&post=32284"},{"taxonomy":"post_tag","embeddable":true,"href":"https:\/\/icoinformativo.mx\/home\/index.php?rest_route=%2Fwp%2Fv2%2Ftags&post=32284"}],"curies":[{"name":"wp","href":"https:\/\/api.w.org\/{rel}","templated":true}]}}