{"id":32277,"date":"2025-04-12T04:09:56","date_gmt":"2025-04-12T04:09:56","guid":{"rendered":"https:\/\/icoinformativo.mx\/home\/?p=32277"},"modified":"2025-04-12T04:09:56","modified_gmt":"2025-04-12T04:09:56","slug":"impulso-a-la-salud-en-la-region-norte-de-chiapas-lideres-comprometidos","status":"publish","type":"post","link":"https:\/\/icoinformativo.mx\/home\/?p=32277","title":{"rendered":"Impulso a la salud en la regi\u00f3n norte de Chiapas: l\u00edderes comprometidos\u00a0"},"content":{"rendered":"<p>&nbsp;<\/p>\n<p>El presidente municipal, Mtro. Andr\u00e9s Carballo C\u00f3rdova, dio la bienvenida al Dr. Javier Alejandro Maza Cruz, endocrin\u00f3logo y l\u00edder cl\u00ednico estatal en enfermedades cr\u00f3nico degenerativas del Instituto de Salud del Estado de Chiapas. Durante el evento titulado \u00abPaquete T\u00e9cnico para el Manejo de las Enfermedades Cardiovasculares en la Atenci\u00f3n Primaria de Salud (HEARTS)\u00bb, el presidente Carballo C\u00f3rdova reafirm\u00f3 su compromiso con la salud no solo en el municipio, sino en toda la regi\u00f3n norte.<\/p>\n<p>&nbsp;<\/p>\n<p>Es importante se\u00f1alar que el Mtro. Andr\u00e9s Carballo C\u00f3rdova preside la Red Regional VII Norte de los Municipios por la Salud y funge como vicepresidente de la Red Estatal de Municipios por la Salud, lo que demuestra su compromiso en temas de salud comunitaria.<\/p>\n<p>&nbsp;<\/p>\n<p>La iniciativa HEARTS, promovida por el Secretario de Salud, Dr. Omar G\u00f3mez Cruz, tiene como objetivo ofrecer una atenci\u00f3n m\u00e9dica humanista y altamente capacitada, fortaleciendo los servicios para el beneficio de los pacientes.<\/p>\n<p>&nbsp;<\/p>\n<p>En su discurso, el jefe jurisdiccional V Norte, Dr. Guillermo Ituriel Gordillo Penagos, expres\u00f3 su agradecimiento al presidente Carballo C\u00f3rdova por su inquebrantable apoyo a los temas de salud. El evento cont\u00f3 con la participaci\u00f3n de directores y representantes de diversas instituciones m\u00e9dicas, tanto p\u00fablicas como privadas, as\u00ed como la presencia del presidente municipal de Pantepec, Lic. Osmar Velasco Garc\u00eda.<\/p>\n<p>&nbsp;<\/p>\n","protected":false},"excerpt":{"rendered":"<p>&nbsp; El presidente municipal, Mtro. Andr\u00e9s Carballo C\u00f3rdova, dio la bienvenida al Dr. Javier Alejandro&#8230;<\/p>\n","protected":false},"author":2,"featured_media":32278,"comment_status":"closed","ping_status":"closed","sticky":false,"template":"","format":"standard","meta":{"_joinchat":[],"footnotes":""},"categories":[18,1,2,3],"tags":[],"class_list":["post-32277","post","type-post","status-publish","format-standard","has-post-thumbnail","hentry","category-almomento","category-boletin","category-estado","category-health"],"_links":{"self":[{"href":"https:\/\/icoinformativo.mx\/home\/index.php?rest_route=\/wp\/v2\/posts\/32277","targetHints":{"allow":["GET"]}}],"collection":[{"href":"https:\/\/icoinformativo.mx\/home\/index.php?rest_route=\/wp\/v2\/posts"}],"about":[{"href":"https:\/\/icoinformativo.mx\/home\/index.php?rest_route=\/wp\/v2\/types\/post"}],"author":[{"embeddable":true,"href":"https:\/\/icoinformativo.mx\/home\/index.php?rest_route=\/wp\/v2\/users\/2"}],"replies":[{"embeddable":true,"href":"https:\/\/icoinformativo.mx\/home\/index.php?rest_route=%2Fwp%2Fv2%2Fcomments&post=32277"}],"version-history":[{"count":1,"href":"https:\/\/icoinformativo.mx\/home\/index.php?rest_route=\/wp\/v2\/posts\/32277\/revisions"}],"predecessor-version":[{"id":32279,"href":"https:\/\/icoinformativo.mx\/home\/index.php?rest_route=\/wp\/v2\/posts\/32277\/revisions\/32279"}],"wp:featuredmedia":[{"embeddable":true,"href":"https:\/\/icoinformativo.mx\/home\/index.php?rest_route=\/wp\/v2\/media\/32278"}],"wp:attachment":[{"href":"https:\/\/icoinformativo.mx\/home\/index.php?rest_route=%2Fwp%2Fv2%2Fmedia&parent=32277"}],"wp:term":[{"taxonomy":"category","embeddable":true,"href":"https:\/\/icoinformativo.mx\/home\/index.php?rest_route=%2Fwp%2Fv2%2Fcategories&post=32277"},{"taxonomy":"post_tag","embeddable":true,"href":"https:\/\/icoinformativo.mx\/home\/index.php?rest_route=%2Fwp%2Fv2%2Ftags&post=32277"}],"curies":[{"name":"wp","href":"https:\/\/api.w.org\/{rel}","templated":true}]}}