{"id":32274,"date":"2025-04-12T04:06:18","date_gmt":"2025-04-12T04:06:18","guid":{"rendered":"https:\/\/icoinformativo.mx\/home\/?p=32274"},"modified":"2025-04-12T04:06:18","modified_gmt":"2025-04-12T04:06:18","slug":"acompana-marco-antonio-barba-al-gobernador-eduardo-ramirez-aguilar-a-la-asamblea-general-ordinaria","status":"publish","type":"post","link":"https:\/\/icoinformativo.mx\/home\/?p=32274","title":{"rendered":"Acompa\u00f1a Marco Antonio Barba al gobernador Eduardo Ram\u00edrez Aguilar a la asamblea General Ordinaria"},"content":{"rendered":"<p>&nbsp;<\/p>\n<p>Durante este evento realiz\u00f3 la entrega de apoyos al sector agropecuario en las instalaciones de la Feria Chiapas y m\u00e1s tarde, asistieron a la LXXXV Asamblea General Ordinaria en el auditorio de la Uni\u00f3n Ganadera Regional.<\/p>\n<p>Nos reunimos por una causa justa: dignificar la vida en el campo, respaldar con hechos a quienes producen y avanzar hacia la autosuficiencia alimentaria que Chiapas necesita y merece.<\/p>\n<p>Bajo la conducci\u00f3n del gobernador, el agro dej\u00f3 de ser un terreno olvidado. Hoy tiene dignidad, visi\u00f3n y rumbo. La pol\u00edtica agropecuaria cobra sentido, prop\u00f3sito y, sobre todo, un rostro humano.<\/p>\n<p>Gracias a su visi\u00f3n de Estado, Chiapas transita hacia una nueva era en el campo. Una donde ganaderos, campesinos, pescadores y productores de todas las ramas no solo participan: se alinean, se suman y conf\u00edan.<\/p>\n<p>Con su impulso, se combate con firmeza el abigeato, esa herida que durante a\u00f1os lacer\u00f3 a nuestras comunidades. Hoy, mediante inteligencia territorial, operativos coordinados y voluntad pol\u00edtica, recuperamos la seguridad en caminos, potreros y mercados.<\/p>\n<p>Junto al gobernador, entregamos 120 sementales bovinos de alto registro, 30 ovinos, 550 paquetes de insumos, mil dosis de semen, dos mil plantas frutales y forestales, y una Caterpillar D6. Cada entrega lleva el sello de un gobierno que cumple, que transforma y que cree en su gente.<\/p>\n<p>En este primer a\u00f1o de trabajo, bajo su gu\u00eda, dimos pasos firmes: aseguramos el hato ganadero ante sequ\u00edas, inundaciones y alta mortandad. Activamos el programa de adquisici\u00f3n de sementales bovinos y rehabilitamos maquinaria para caminos saca cosechas en Siltepec, Mezcalapa, la regi\u00f3n Norte y ahora, en beneficio de la Uni\u00f3n Ganadera.<\/p>\n<p>Firmamos convenios con SENASICA para erradicar la tuberculosis bovina. Entregamos herramientas, alambre y bombas a m\u00e1s de 11 mil productores. Reactivamos el Centro Gen\u00e9tico del Camar\u00f3n en Tonal\u00e1, que hoy produce seis millones de postlarvas al mes para la costa chiapaneca.<\/p>\n<p>Impartimos capacitaciones contra el gusano barrenador y llevamos sementales a ferias ganaderas en Tapachula, Ju\u00e1rez, La Concordia, \u00c1ngel Albino Corzo y Frontera Comalapa.<\/p>\n<p>Colaboramos con universidades como la UNACH, el Tecnol\u00f3gico de Comit\u00e1n, la Universidad Tecnol\u00f3gica de la Selva y la Polit\u00e9cnica de Chiapas.<\/p>\n<p>Entregamos m\u00e1s de 214 mil cr\u00edas de mojarra en 14 municipios y dimos el primer paso para establecer invernaderos de berries en la Meseta Comiteca, en alianza con agroindustrias de Jalisco.<\/p>\n<p>Todo esto ha sido posible porque el gobernador ha tendido puentes entre el gobierno y los productores. Ha devuelto la confianza al sector y ha demostrado que s\u00ed se puede cuando hay voluntad y rumbo.<\/p>\n<p>Desde esta Secretar\u00eda trabajamos en fortalecer la sanidad animal, en promover el mejoramiento gen\u00e9tico, en conectar caminos saca cosechas con los mercados, en apoyar a las mujeres rurales, en revitalizar la acuacultura y renovar la maquinaria del agro.<\/p>\n<p>Nos unimos con Tabasco y con pa\u00edses hermanos de Centroam\u00e9rica para erradicar la tuberculosis bovina y contener el gusano barrenador.<\/p>\n<p>A la par, apostamos por cultivos que nos dan identidad y futuro: caf\u00e9, pl\u00e1tano, mango, cacao, ca\u00f1a, ma\u00edz, miel y flores. Impulsamos el uso de maquinaria pesada para que el campo deje de estar aislado y se conecte al desarrollo.<\/p>\n<p>Gracias a su liderazgo, Chiapas volvi\u00f3 a exportar gen\u00e9tica ganadera. Desde el Rancho La Gloria, en Pijijiapan, partieron trece sementales Guzerat hacia Nicaragua. No fue solo una venta: fue un mensaje claro al mundo. Chiapas est\u00e1 listo para competir, innovar y exportar calidad.<\/p>\n<p>Lo reiteramos junto a l\u00edderes ganaderos como Carlos Marh Casta\u00f1\u00f3n, Homero Garc\u00eda de la Llata y Alfredo D\u2019Argance Zardain: el campo chiapaneco est\u00e1 alineado con el proyecto de transformaci\u00f3n del gobernador, quien ha devuelto esperanza y certeza.<\/p>\n<p>Agradezco a los amigos ganaderos, a presidentes municipales, a la secretaria de la Mujer e Igualdad de G\u00e9nero, Dulce Rodr\u00edguez Ovando, a mi esposa, Ver\u00f3nica Morales De Barba, y a los cientos de personas que nos acompa\u00f1aron en este acto memorable, donde se anunci\u00f3 que, dentro de dos a\u00f1os, Chiapas ser\u00e1 sede de la Asamblea Nacional Ordinaria.<\/p>\n<p>Gracias infinitas a todas y todos.<\/p>\n<p>Marco Antonio Barba Arrocha<br \/>\nSecretario de Agricultura, Ganader\u00eda y Pesca del Estado de Chiapas<\/p>\n","protected":false},"excerpt":{"rendered":"<p>&nbsp; Durante este evento realiz\u00f3 la entrega de apoyos al sector agropecuario en las instalaciones&#8230;<\/p>\n","protected":false},"author":2,"featured_media":32275,"comment_status":"closed","ping_status":"closed","sticky":false,"template":"","format":"standard","meta":{"_joinchat":[],"footnotes":""},"categories":[18,1,2,3],"tags":[],"class_list":["post-32274","post","type-post","status-publish","format-standard","has-post-thumbnail","hentry","category-almomento","category-boletin","category-estado","category-health"],"_links":{"self":[{"href":"https:\/\/icoinformativo.mx\/home\/index.php?rest_route=\/wp\/v2\/posts\/32274","targetHints":{"allow":["GET"]}}],"collection":[{"href":"https:\/\/icoinformativo.mx\/home\/index.php?rest_route=\/wp\/v2\/posts"}],"about":[{"href":"https:\/\/icoinformativo.mx\/home\/index.php?rest_route=\/wp\/v2\/types\/post"}],"author":[{"embeddable":true,"href":"https:\/\/icoinformativo.mx\/home\/index.php?rest_route=\/wp\/v2\/users\/2"}],"replies":[{"embeddable":true,"href":"https:\/\/icoinformativo.mx\/home\/index.php?rest_route=%2Fwp%2Fv2%2Fcomments&post=32274"}],"version-history":[{"count":1,"href":"https:\/\/icoinformativo.mx\/home\/index.php?rest_route=\/wp\/v2\/posts\/32274\/revisions"}],"predecessor-version":[{"id":32276,"href":"https:\/\/icoinformativo.mx\/home\/index.php?rest_route=\/wp\/v2\/posts\/32274\/revisions\/32276"}],"wp:featuredmedia":[{"embeddable":true,"href":"https:\/\/icoinformativo.mx\/home\/index.php?rest_route=\/wp\/v2\/media\/32275"}],"wp:attachment":[{"href":"https:\/\/icoinformativo.mx\/home\/index.php?rest_route=%2Fwp%2Fv2%2Fmedia&parent=32274"}],"wp:term":[{"taxonomy":"category","embeddable":true,"href":"https:\/\/icoinformativo.mx\/home\/index.php?rest_route=%2Fwp%2Fv2%2Fcategories&post=32274"},{"taxonomy":"post_tag","embeddable":true,"href":"https:\/\/icoinformativo.mx\/home\/index.php?rest_route=%2Fwp%2Fv2%2Ftags&post=32274"}],"curies":[{"name":"wp","href":"https:\/\/api.w.org\/{rel}","templated":true}]}}