{"id":32271,"date":"2025-04-12T03:59:59","date_gmt":"2025-04-12T03:59:59","guid":{"rendered":"https:\/\/icoinformativo.mx\/home\/?p=32271"},"modified":"2025-04-12T03:59:59","modified_gmt":"2025-04-12T03:59:59","slug":"asiste-osmar-velasco-garcia-a-curso-sobre-enfermedades-cardiovasculares-en-pichucalco","status":"publish","type":"post","link":"https:\/\/icoinformativo.mx\/home\/?p=32271","title":{"rendered":"Asiste Osmar Velasco Garcia a curso sobre enfermedades cardiovasculares en Pichucalco\u00a0"},"content":{"rendered":"<p>&nbsp;<\/p>\n<p>El Presidente Municipal de Pantepec, Chiapas y Presidente de la red regional de municipios por la salud Zona VII Bosques, Lic. Osmar Wilian Velasco Garc\u00eda, particip\u00f3 en la inauguraci\u00f3n del curso \u201cPaquete T\u00e9cnico para el Manejo de las Enfermedades Cardiovasculares en la Atenci\u00f3n Primaria de Salud\u201d, impartido por el Dr. Javier Masa y realizado en el auditorio del Hospital General de Pichucalco.<\/p>\n<p>&nbsp;<\/p>\n<p>Este curso tiene como objetivo capacitar a profesionales de la salud en el abordaje integral de las enfermedades cardiovasculares, una de las principales causas de mortalidad a nivel mundial. Durante el evento, se destac\u00f3 la importancia de atender factores de riesgo como la hipertensi\u00f3n arterial y la diabetes mellitus, as\u00ed como de actualizar los conocimientos m\u00e9dicos con base en evidencia cient\u00edfica sobre tratamiento y agentes farmacol\u00f3gicos.<\/p>\n<p>&nbsp;<\/p>\n<p>La presencia del alcalde, reafirma su compromiso con la salud p\u00fablica. Velasco Garc\u00eda ha sido un actor clave en la mejora de los servicios de salud en la regi\u00f3n, y como presidente de la Red Regional VII Zona Bosques, ha impulsado una mayor coordinaci\u00f3n entre los niveles de gobierno para llevar beneficios directos a las comunidades m\u00e1s vulnerables.<\/p>\n<p>&nbsp;<\/p>\n<p>El acto inaugural tambi\u00e9n reuni\u00f3 a personal m\u00e9dico, autoridades sanitarias y representantes municipales, todos con un objetivo com\u00fan: fortalecer la atenci\u00f3n primaria para prevenir y tratar eficazmente las enfermedades cardiovasculares en la regi\u00f3n.<\/p>\n","protected":false},"excerpt":{"rendered":"<p>&nbsp; El Presidente Municipal de Pantepec, Chiapas y Presidente de la red regional de municipios&#8230;<\/p>\n","protected":false},"author":2,"featured_media":32272,"comment_status":"closed","ping_status":"closed","sticky":false,"template":"","format":"standard","meta":{"_joinchat":[],"footnotes":""},"categories":[18,1,2,3],"tags":[],"class_list":["post-32271","post","type-post","status-publish","format-standard","has-post-thumbnail","hentry","category-almomento","category-boletin","category-estado","category-health"],"_links":{"self":[{"href":"https:\/\/icoinformativo.mx\/home\/index.php?rest_route=\/wp\/v2\/posts\/32271","targetHints":{"allow":["GET"]}}],"collection":[{"href":"https:\/\/icoinformativo.mx\/home\/index.php?rest_route=\/wp\/v2\/posts"}],"about":[{"href":"https:\/\/icoinformativo.mx\/home\/index.php?rest_route=\/wp\/v2\/types\/post"}],"author":[{"embeddable":true,"href":"https:\/\/icoinformativo.mx\/home\/index.php?rest_route=\/wp\/v2\/users\/2"}],"replies":[{"embeddable":true,"href":"https:\/\/icoinformativo.mx\/home\/index.php?rest_route=%2Fwp%2Fv2%2Fcomments&post=32271"}],"version-history":[{"count":1,"href":"https:\/\/icoinformativo.mx\/home\/index.php?rest_route=\/wp\/v2\/posts\/32271\/revisions"}],"predecessor-version":[{"id":32273,"href":"https:\/\/icoinformativo.mx\/home\/index.php?rest_route=\/wp\/v2\/posts\/32271\/revisions\/32273"}],"wp:featuredmedia":[{"embeddable":true,"href":"https:\/\/icoinformativo.mx\/home\/index.php?rest_route=\/wp\/v2\/media\/32272"}],"wp:attachment":[{"href":"https:\/\/icoinformativo.mx\/home\/index.php?rest_route=%2Fwp%2Fv2%2Fmedia&parent=32271"}],"wp:term":[{"taxonomy":"category","embeddable":true,"href":"https:\/\/icoinformativo.mx\/home\/index.php?rest_route=%2Fwp%2Fv2%2Fcategories&post=32271"},{"taxonomy":"post_tag","embeddable":true,"href":"https:\/\/icoinformativo.mx\/home\/index.php?rest_route=%2Fwp%2Fv2%2Ftags&post=32271"}],"curies":[{"name":"wp","href":"https:\/\/api.w.org\/{rel}","templated":true}]}}