{"id":32268,"date":"2025-04-12T03:58:23","date_gmt":"2025-04-12T03:58:23","guid":{"rendered":"https:\/\/icoinformativo.mx\/home\/?p=32268"},"modified":"2025-04-12T03:58:23","modified_gmt":"2025-04-12T03:58:23","slug":"%f0%9d%90%88%f0%9d%90%a7%f0%9d%90%ac%f0%9d%90%ad%f0%9d%90%9a%f0%9d%90%a5%f0%9d%90%9a%f0%9d%90%a7-%f0%9d%90%82%f0%9d%90%a8%f0%9d%90%a7%f0%9d%90%ac%f0%9d%90%9e%f0%9d%90%a3%f0%9d%90%a8-%f0%9d%90%8c","status":"publish","type":"post","link":"https:\/\/icoinformativo.mx\/home\/?p=32268","title":{"rendered":"\ud835\udc08\ud835\udc27\ud835\udc2c\ud835\udc2d\ud835\udc1a\ud835\udc25\ud835\udc1a\ud835\udc27 \ud835\udc02\ud835\udc28\ud835\udc27\ud835\udc2c\ud835\udc1e\ud835\udc23\ud835\udc28 \ud835\udc0c\ud835\udc2e\ud835\udc27\ud835\udc22\ud835\udc1c\ud835\udc22\ud835\udc29\ud835\udc1a\ud835\udc25 \ud835\udc29\ud835\udc1a\ud835\udc2b\ud835\udc1a \ud835\udc06\ud835\udc1a\ud835\udc2b\ud835\udc1a\ud835\udc27\ud835\udc2d\ud835\udc22\ud835\udc33\ud835\udc1a\ud835\udc2b \ud835\udc1e\ud835\udc25 \ud835\udc03\ud835\udc1e\ud835\udc2b\ud835\udc1e\ud835\udc1c\ud835\udc21\ud835\udc28 \ud835\udc1a \ud835\udc25\ud835\udc1a\ud835\udc2c \ud835\udc26\ud835\udc2e\ud835\udc23\ud835\udc1e\ud835\udc2b\ud835\udc1e\ud835\udc2c \ud835\udc1a \ud835\udc2e\ud835\udc27\ud835\udc1a \ud835\udc2f\ud835\udc22\ud835\udc1d\ud835\udc1a \ud835\udc25\ud835\udc22\ud835\udc1b\ud835\udc2b\ud835\udc1e \ud835\udc1d\ud835\udc1e \ud835\udc15\ud835\udc22\ud835\udc28\ud835\udc25\ud835\udc1e\ud835\udc27\ud835\udc1c\ud835\udc22\ud835\udc1a \ud835\udc1e\ud835\udc27 \ud835\udc0f\ud835\udc1a\ud835\udc27\ud835\udc2d\ud835\udc1e\ud835\udc29\ud835\udc1e\ud835\udc1c"},"content":{"rendered":"<p>&nbsp;<\/p>\n<p>El Presidente Municipal de Pantepec, Chiapas, Lic. Osmar Wilian Velasco Garc\u00eda, encabez\u00f3 la instalaci\u00f3n del Consejo Municipal para Garantizar el Derecho a las Mujeres a una Vida Libre de Violencia. Este consejo forma parte de los mecanismos implementados por el municipio para generar acciones afirmativas que promuevan la integridad, seguridad y vida libre de violencia para mujeres, adolescentes y ni\u00f1as.<\/p>\n<p>&nbsp;<\/p>\n<p>La instalaci\u00f3n de este consejo es un paso importante en la lucha contra la violencia de g\u00e9nero en el municipio, y cuenta con la participaci\u00f3n de la Instancia Municipal de las Mujeres, la Comisi\u00f3n de Equidad de G\u00e9nero y el Consejo Municipal. Estos organismos trabajar\u00e1n juntos para implementar pol\u00edticas y programas que beneficien a las mujeres y ni\u00f1as de Pantepec.<\/p>\n<p>&nbsp;<\/p>\n<p>Este consejo est\u00e1 integrado por personal del sector salud, seguridad p\u00fablica, Derechos Humanos, Prevenci\u00f3n del delito municipal y presidida por el alcalde Osmar Velasco Garc\u00eda.<\/p>\n<p>&nbsp;<\/p>\n<p>El Presidente Municipal, ha demostrado su compromiso con la causa de la igualdad de g\u00e9nero y la erradicaci\u00f3n de la violencia contra las mujeres. Durante su gesti\u00f3n, ha implementado diversas acciones para promover la participaci\u00f3n de las mujeres en la vida p\u00fablica y garantizar sus derechos.<\/p>\n<p>&nbsp;<\/p>\n","protected":false},"excerpt":{"rendered":"<p>&nbsp; El Presidente Municipal de Pantepec, Chiapas, Lic. Osmar Wilian Velasco Garc\u00eda, encabez\u00f3 la instalaci\u00f3n&#8230;<\/p>\n","protected":false},"author":2,"featured_media":32269,"comment_status":"closed","ping_status":"closed","sticky":false,"template":"","format":"standard","meta":{"_joinchat":[],"footnotes":""},"categories":[18,1,2,3],"tags":[],"class_list":["post-32268","post","type-post","status-publish","format-standard","has-post-thumbnail","hentry","category-almomento","category-boletin","category-estado","category-health"],"_links":{"self":[{"href":"https:\/\/icoinformativo.mx\/home\/index.php?rest_route=\/wp\/v2\/posts\/32268","targetHints":{"allow":["GET"]}}],"collection":[{"href":"https:\/\/icoinformativo.mx\/home\/index.php?rest_route=\/wp\/v2\/posts"}],"about":[{"href":"https:\/\/icoinformativo.mx\/home\/index.php?rest_route=\/wp\/v2\/types\/post"}],"author":[{"embeddable":true,"href":"https:\/\/icoinformativo.mx\/home\/index.php?rest_route=\/wp\/v2\/users\/2"}],"replies":[{"embeddable":true,"href":"https:\/\/icoinformativo.mx\/home\/index.php?rest_route=%2Fwp%2Fv2%2Fcomments&post=32268"}],"version-history":[{"count":1,"href":"https:\/\/icoinformativo.mx\/home\/index.php?rest_route=\/wp\/v2\/posts\/32268\/revisions"}],"predecessor-version":[{"id":32270,"href":"https:\/\/icoinformativo.mx\/home\/index.php?rest_route=\/wp\/v2\/posts\/32268\/revisions\/32270"}],"wp:featuredmedia":[{"embeddable":true,"href":"https:\/\/icoinformativo.mx\/home\/index.php?rest_route=\/wp\/v2\/media\/32269"}],"wp:attachment":[{"href":"https:\/\/icoinformativo.mx\/home\/index.php?rest_route=%2Fwp%2Fv2%2Fmedia&parent=32268"}],"wp:term":[{"taxonomy":"category","embeddable":true,"href":"https:\/\/icoinformativo.mx\/home\/index.php?rest_route=%2Fwp%2Fv2%2Fcategories&post=32268"},{"taxonomy":"post_tag","embeddable":true,"href":"https:\/\/icoinformativo.mx\/home\/index.php?rest_route=%2Fwp%2Fv2%2Ftags&post=32268"}],"curies":[{"name":"wp","href":"https:\/\/api.w.org\/{rel}","templated":true}]}}