{"id":32262,"date":"2025-04-12T03:55:17","date_gmt":"2025-04-12T03:55:17","guid":{"rendered":"https:\/\/icoinformativo.mx\/home\/?p=32262"},"modified":"2025-04-12T03:55:17","modified_gmt":"2025-04-12T03:55:17","slug":"eduardo-ramirez-impulsa-chiapas-cardio-protegido-para-brindar-atencion-ante-emergencias-cardiacas","status":"publish","type":"post","link":"https:\/\/icoinformativo.mx\/home\/?p=32262","title":{"rendered":"Eduardo Ram\u00edrez impulsa Chiapas Cardio Protegido para brindar atenci\u00f3n ante emergencias cardiacas"},"content":{"rendered":"<p>&nbsp;<\/p>\n<p>El gobernador Eduardo Ram\u00edrez Aguilar puso en marcha el programa Chiapas Cardio Protegido, mediante el cual se han instalado desfibriladores externos autom\u00e1ticos en el Parque Deportivo y Recreativo Ca\u00f1a Hueca, con el objetivo de brindar atenci\u00f3n inmediata ante una emergencia card\u00edaca.<\/p>\n<p>&nbsp;<\/p>\n<p>Durante el evento, el mandatario subray\u00f3 la importancia de que quienes acudan a ejercitarse cuenten con herramientas que les permitan recibir auxilio oportuno en caso de un paro card\u00edaco. Adem\u00e1s, destac\u00f3 que este tipo de acciones contribuyen a generar conciencia sobre la prevenci\u00f3n y cuidado de la salud cardiovascular entre la ciudadan\u00eda.<\/p>\n<p>&nbsp;<\/p>\n<p>Por su parte, el secretario de Protecci\u00f3n Civil, Mauricio Cordero Rodr\u00edguez, explic\u00f3 que esta iniciativa representa un gran avance para el estado, ya que no solo se cuenta con el equipo especializado, sino tambi\u00e9n con personal capacitado en reanimaci\u00f3n cardiopulmonar, lo que incrementa las posibilidades de supervivencia ante una situaci\u00f3n cr\u00edtica.<\/p>\n<p>&nbsp;<\/p>\n<p>Detall\u00f3 que se han colocado tres desfibriladores en los t\u00f3tems distribuidos en el parque, y uno m\u00e1s dentro del consultorio de primer contacto. Todos los dispositivos ya se encuentran en funcionamiento para garantizar mayor seguridad a las y los usuarios del espacio recreativo.<\/p>\n<p>&nbsp;<\/p>\n<p>En otro momento, el gobernador sostuvo un di\u00e1logo con participantes del primer encuentro conmemorativo del D\u00eda Mundial del Parkinson, quienes destacaron que esta es la segunda enfermedad neurodegenerativa m\u00e1s com\u00fan a nivel global. En este contexto, hicieron hincapi\u00e9 en la importancia de mantener una alimentaci\u00f3n saludable, realizar actividad f\u00edsica y cuidar la salud emocional para reducir la incidencia de esta patolog\u00eda.<\/p>\n<p>&nbsp;<\/p>\n<p>En este evento estuvieron presentes el alcalde de Tuxtla Guti\u00e9rrez, Angel Torres Culebro; el director general del Instituto del Deporte estatal, Adona\u00ed S\u00e1nchez Osorio; el director del Instituto del Deporte Tuxtleco, Maximiliano Garc\u00eda Betanzos; as\u00ed como personal m\u00e9dico y deportistas.<\/p>\n","protected":false},"excerpt":{"rendered":"<p>&nbsp; El gobernador Eduardo Ram\u00edrez Aguilar puso en marcha el programa Chiapas Cardio Protegido, mediante&#8230;<\/p>\n","protected":false},"author":2,"featured_media":32263,"comment_status":"closed","ping_status":"closed","sticky":false,"template":"","format":"standard","meta":{"_joinchat":[],"footnotes":""},"categories":[18,1,2,3],"tags":[],"class_list":["post-32262","post","type-post","status-publish","format-standard","has-post-thumbnail","hentry","category-almomento","category-boletin","category-estado","category-health"],"_links":{"self":[{"href":"https:\/\/icoinformativo.mx\/home\/index.php?rest_route=\/wp\/v2\/posts\/32262","targetHints":{"allow":["GET"]}}],"collection":[{"href":"https:\/\/icoinformativo.mx\/home\/index.php?rest_route=\/wp\/v2\/posts"}],"about":[{"href":"https:\/\/icoinformativo.mx\/home\/index.php?rest_route=\/wp\/v2\/types\/post"}],"author":[{"embeddable":true,"href":"https:\/\/icoinformativo.mx\/home\/index.php?rest_route=\/wp\/v2\/users\/2"}],"replies":[{"embeddable":true,"href":"https:\/\/icoinformativo.mx\/home\/index.php?rest_route=%2Fwp%2Fv2%2Fcomments&post=32262"}],"version-history":[{"count":1,"href":"https:\/\/icoinformativo.mx\/home\/index.php?rest_route=\/wp\/v2\/posts\/32262\/revisions"}],"predecessor-version":[{"id":32264,"href":"https:\/\/icoinformativo.mx\/home\/index.php?rest_route=\/wp\/v2\/posts\/32262\/revisions\/32264"}],"wp:featuredmedia":[{"embeddable":true,"href":"https:\/\/icoinformativo.mx\/home\/index.php?rest_route=\/wp\/v2\/media\/32263"}],"wp:attachment":[{"href":"https:\/\/icoinformativo.mx\/home\/index.php?rest_route=%2Fwp%2Fv2%2Fmedia&parent=32262"}],"wp:term":[{"taxonomy":"category","embeddable":true,"href":"https:\/\/icoinformativo.mx\/home\/index.php?rest_route=%2Fwp%2Fv2%2Fcategories&post=32262"},{"taxonomy":"post_tag","embeddable":true,"href":"https:\/\/icoinformativo.mx\/home\/index.php?rest_route=%2Fwp%2Fv2%2Ftags&post=32262"}],"curies":[{"name":"wp","href":"https:\/\/api.w.org\/{rel}","templated":true}]}}