{"id":32259,"date":"2025-04-12T03:53:36","date_gmt":"2025-04-12T03:53:36","guid":{"rendered":"https:\/\/icoinformativo.mx\/home\/?p=32259"},"modified":"2025-04-12T03:53:36","modified_gmt":"2025-04-12T03:53:36","slug":"presentan-modelo-pedagogico-para-la-alfabetizacion-matias-de-cordova-en-el-cobach-plantel-145-tuxtla-sur","status":"publish","type":"post","link":"https:\/\/icoinformativo.mx\/home\/?p=32259","title":{"rendered":"Presentan Modelo Pedag\u00f3gico para la Alfabetizaci\u00f3n \u00abMat\u00edas de C\u00f3rdova\u00bb, en el Cobach Plantel 145 Tuxtla Sur.\u00a0"},"content":{"rendered":"<p>&nbsp;<\/p>\n<p>\u00b7 El director general del Cobach, Miguel Prado De los Santos, y el secretario de Educaci\u00f3n, Roger Mandujano, encabezaron el evento<\/p>\n<p>&nbsp;<\/p>\n<p>En el marco de la Cruzada Estatal por la Alfabetizaci\u00f3n \u201cChiapas Puede\u201d, que impulsa el gobernador Eduardo Ram\u00edrez, y con la presencia del secretario de Educaci\u00f3n Roger Mandujano Ayala, se llev\u00f3 a cabo la entrega simb\u00f3lica del Modelo Pedag\u00f3gico para la Alfabetizaci\u00f3n \u201cMat\u00edas de C\u00f3rdova\u00bb, desde el plantel 145 Tuxtla Sur del Colegio de Bachilleres de Chiapas (Cobach).<\/p>\n<p>&nbsp;<\/p>\n<p>Tras dar una breve rese\u00f1a t\u00e9cnica de los avances de este programa en el Cobach, el titular de este subsistema, Miguel Prado de los Santos, subray\u00f3 que la educaci\u00f3n es sin\u00f3nimo de desarrollo, por lo que refrend\u00f3 el compromiso institucional para que m\u00e1s personas aprendan a leer y a escribir, a trav\u00e9s de este proyecto, lo que sin duda permitir\u00e1 una mejor calidad de vida para las y los chiapanecos.<\/p>\n<p>&nbsp;<\/p>\n<p>Felicit\u00f3 al personal docente y alumnado por sumarse al programa Chiapas Puede, a trav\u00e9s de su similar \u201cCobach Puede\u201d, mediante el cual tiene como meta alfabetizar a unas 200 mil personas, en una primera etapa.<\/p>\n<p>&nbsp;<\/p>\n<p>Al respecto, el secretario de Educaci\u00f3n dijo que con este programa se est\u00e1n abriendo las puertas para que las personas que aprender\u00e1n a leer y a escribir tengan un mejor nivel de vida. No se trata, dijo, de un proyecto m\u00e1s de gobierno, sino que representa el inicio de una transformaci\u00f3n con humanismo.<\/p>\n<p>&nbsp;<\/p>\n<p>En su intervenci\u00f3n, la alumna Martha Alejandra Castellanos Rodr\u00edguez, quien es parte del equipo de alfabetizadores, dijo sentirse orgullosa de pertenecer a este gran proyecto que cambiar\u00e1 la vida de la sociedad chiapaneca que no tuvo la oportunidad de acceder a una formaci\u00f3n educativa b\u00e1sica.<\/p>\n<p>&nbsp;<\/p>\n<p>En el evento, se dieron a conocer las diferentes herramientas con las que se est\u00e1 coadyuvando al programa Chiapas Puede, como la difusi\u00f3n institucional a trav\u00e9s de la revista Somos COBACH.<\/p>\n<p>&nbsp;<\/p>\n<p>Asimismo, se presentaron a docentes alfabetizadores y las primeras personas beneficiadas, mismas que agradecieron a las autoridades educativas la inclusi\u00f3n en este proyecto que sin duda les cambiar\u00e1 la vida.<\/p>\n","protected":false},"excerpt":{"rendered":"<p>&nbsp; \u00b7 El director general del Cobach, Miguel Prado De los Santos, y el secretario&#8230;<\/p>\n","protected":false},"author":2,"featured_media":32260,"comment_status":"closed","ping_status":"closed","sticky":false,"template":"","format":"standard","meta":{"_joinchat":[],"footnotes":""},"categories":[18,1,2,3],"tags":[],"class_list":["post-32259","post","type-post","status-publish","format-standard","has-post-thumbnail","hentry","category-almomento","category-boletin","category-estado","category-health"],"_links":{"self":[{"href":"https:\/\/icoinformativo.mx\/home\/index.php?rest_route=\/wp\/v2\/posts\/32259","targetHints":{"allow":["GET"]}}],"collection":[{"href":"https:\/\/icoinformativo.mx\/home\/index.php?rest_route=\/wp\/v2\/posts"}],"about":[{"href":"https:\/\/icoinformativo.mx\/home\/index.php?rest_route=\/wp\/v2\/types\/post"}],"author":[{"embeddable":true,"href":"https:\/\/icoinformativo.mx\/home\/index.php?rest_route=\/wp\/v2\/users\/2"}],"replies":[{"embeddable":true,"href":"https:\/\/icoinformativo.mx\/home\/index.php?rest_route=%2Fwp%2Fv2%2Fcomments&post=32259"}],"version-history":[{"count":1,"href":"https:\/\/icoinformativo.mx\/home\/index.php?rest_route=\/wp\/v2\/posts\/32259\/revisions"}],"predecessor-version":[{"id":32261,"href":"https:\/\/icoinformativo.mx\/home\/index.php?rest_route=\/wp\/v2\/posts\/32259\/revisions\/32261"}],"wp:featuredmedia":[{"embeddable":true,"href":"https:\/\/icoinformativo.mx\/home\/index.php?rest_route=\/wp\/v2\/media\/32260"}],"wp:attachment":[{"href":"https:\/\/icoinformativo.mx\/home\/index.php?rest_route=%2Fwp%2Fv2%2Fmedia&parent=32259"}],"wp:term":[{"taxonomy":"category","embeddable":true,"href":"https:\/\/icoinformativo.mx\/home\/index.php?rest_route=%2Fwp%2Fv2%2Fcategories&post=32259"},{"taxonomy":"post_tag","embeddable":true,"href":"https:\/\/icoinformativo.mx\/home\/index.php?rest_route=%2Fwp%2Fv2%2Ftags&post=32259"}],"curies":[{"name":"wp","href":"https:\/\/api.w.org\/{rel}","templated":true}]}}