{"id":32256,"date":"2025-04-12T03:52:26","date_gmt":"2025-04-12T03:52:26","guid":{"rendered":"https:\/\/icoinformativo.mx\/home\/?p=32256"},"modified":"2025-04-12T03:52:26","modified_gmt":"2025-04-12T03:52:26","slug":"firman-cecytech-y-aditech-convenio-de-colaboracion-tecnologica","status":"publish","type":"post","link":"https:\/\/icoinformativo.mx\/home\/?p=32256","title":{"rendered":"Firman Cecytech y Aditech convenio de colaboraci\u00f3n tecnol\u00f3gica,"},"content":{"rendered":"<p>&nbsp;<\/p>\n<p>\u00b7 La alianza busca impulsar proyectos de innovaci\u00f3n digital y fortalecer la educaci\u00f3n t\u00e9cnica en beneficio de la juventud chiapaneca.<\/p>\n<p>&nbsp;<\/p>\n<p>Tuxtla Guti\u00e9rrez, Chiapas.- El Colegio de Estudios Cient\u00edficos y Tecnol\u00f3gicos del Estado de Chiapas (Cecytech) y la Agencia Digital Tecnol\u00f3gica del Estado de Chiapas (Aditech) firmaron un convenio general de colaboraci\u00f3n interinstitucional con el objetivo de impulsar proyectos conjuntos en materia de innovaci\u00f3n y desarrollo tecnol\u00f3gico.<\/p>\n<p>&nbsp;<\/p>\n<p>La ceremonia se llev\u00f3 a cabo en la sala de juntas de la Direcci\u00f3n General de Aditech y fue encabezada por su titular, Jovani Salazar Ru\u00edz, y por el director general del Cecytech, Luis Guadalupe Morales \u00c1ngeles, en este sentido, ambos coincidieron en la importancia de establecer alianzas estrat\u00e9gicas que fortalezcan la formaci\u00f3n acad\u00e9mica en el \u00e1mbito digital y tecnol\u00f3gico.<\/p>\n<p>&nbsp;<\/p>\n<p>Durante su mensaje, Morales \u00c1ngeles destac\u00f3 que esta colaboraci\u00f3n permitir\u00e1 desarrollar proyectos conjuntos en \u00e1reas estrat\u00e9gicas, como: Innovaci\u00f3n digital, Capacitaci\u00f3n tecnol\u00f3gica, Rob\u00f3tica y Ciencia de datos, beneficiando directamente a las y los j\u00f3venes que cursan su bachillerato t\u00e9cnico en las distintas regiones del estado.<\/p>\n<p>&nbsp;<\/p>\n<p>\u201cCon este convenio reafirmamos nuestro compromiso con una educaci\u00f3n de calidad, incluyente y adaptada a los desaf\u00edos del mundo actual. Gracias al respaldo del gobernador del Estado, Eduardo Ram\u00edrez Aguilar, y al trabajo conjunto de instituciones como Aditech, seguimos construyendo oportunidades reales para nuestras juventudes\u201d, se\u00f1al\u00f3.<\/p>\n<p>&nbsp;<\/p>\n<p>Por su parte, Salazar Ru\u00edz reconoci\u00f3 el esfuerzo del Cecytech por mantener una oferta educativa actualizada y alineada a los avances tecnol\u00f3gicos, destacando la importancia de formar a las y los j\u00f3venes en competencias digitales que les permitan competir en el mercado laboral del futuro.<\/p>\n<p>&nbsp;<\/p>\n<p>Es importante mencionar que el convenio tiene como finalidad establecer bases de cooperaci\u00f3n que permitan la creaci\u00f3n y ejecuci\u00f3n de proyectos en \u00e1reas como: Innovaci\u00f3n tecnol\u00f3gica, Capacitaci\u00f3n digital, Fortalecimiento de habilidades t\u00e9cnicas, y Desarrollo de plataformas que beneficien a la comunidad estudiantil del nivel medio superior.<\/p>\n<p>&nbsp;<\/p>\n<p>Al evento asistieron tambi\u00e9n como invitados especiales Juan Fariel Z\u00fa\u00f1iga Avenda\u00f1o, secretario t\u00e9cnico de Aditech, y Leonardo Cuesta Ramos, titular del \u00e1rea de Vinculaci\u00f3n y Gesti\u00f3n Tecnol\u00f3gica.<\/p>\n","protected":false},"excerpt":{"rendered":"<p>&nbsp; \u00b7 La alianza busca impulsar proyectos de innovaci\u00f3n digital y fortalecer la educaci\u00f3n t\u00e9cnica&#8230;<\/p>\n","protected":false},"author":2,"featured_media":32257,"comment_status":"closed","ping_status":"closed","sticky":false,"template":"","format":"standard","meta":{"_joinchat":[],"footnotes":""},"categories":[18,1,2,3],"tags":[],"class_list":["post-32256","post","type-post","status-publish","format-standard","has-post-thumbnail","hentry","category-almomento","category-boletin","category-estado","category-health"],"_links":{"self":[{"href":"https:\/\/icoinformativo.mx\/home\/index.php?rest_route=\/wp\/v2\/posts\/32256","targetHints":{"allow":["GET"]}}],"collection":[{"href":"https:\/\/icoinformativo.mx\/home\/index.php?rest_route=\/wp\/v2\/posts"}],"about":[{"href":"https:\/\/icoinformativo.mx\/home\/index.php?rest_route=\/wp\/v2\/types\/post"}],"author":[{"embeddable":true,"href":"https:\/\/icoinformativo.mx\/home\/index.php?rest_route=\/wp\/v2\/users\/2"}],"replies":[{"embeddable":true,"href":"https:\/\/icoinformativo.mx\/home\/index.php?rest_route=%2Fwp%2Fv2%2Fcomments&post=32256"}],"version-history":[{"count":1,"href":"https:\/\/icoinformativo.mx\/home\/index.php?rest_route=\/wp\/v2\/posts\/32256\/revisions"}],"predecessor-version":[{"id":32258,"href":"https:\/\/icoinformativo.mx\/home\/index.php?rest_route=\/wp\/v2\/posts\/32256\/revisions\/32258"}],"wp:featuredmedia":[{"embeddable":true,"href":"https:\/\/icoinformativo.mx\/home\/index.php?rest_route=\/wp\/v2\/media\/32257"}],"wp:attachment":[{"href":"https:\/\/icoinformativo.mx\/home\/index.php?rest_route=%2Fwp%2Fv2%2Fmedia&parent=32256"}],"wp:term":[{"taxonomy":"category","embeddable":true,"href":"https:\/\/icoinformativo.mx\/home\/index.php?rest_route=%2Fwp%2Fv2%2Fcategories&post=32256"},{"taxonomy":"post_tag","embeddable":true,"href":"https:\/\/icoinformativo.mx\/home\/index.php?rest_route=%2Fwp%2Fv2%2Ftags&post=32256"}],"curies":[{"name":"wp","href":"https:\/\/api.w.org\/{rel}","templated":true}]}}