{"id":32253,"date":"2025-04-12T03:51:14","date_gmt":"2025-04-12T03:51:14","guid":{"rendered":"https:\/\/icoinformativo.mx\/home\/?p=32253"},"modified":"2025-04-12T03:51:14","modified_gmt":"2025-04-12T03:51:14","slug":"ceccc-fortalece-la-seguridad-en-chiapas-a-traves-de-la-coordinacion-institucional-y-la-profesionalizacion-policial","status":"publish","type":"post","link":"https:\/\/icoinformativo.mx\/home\/?p=32253","title":{"rendered":"CECCC fortalece la seguridad en Chiapas a trav\u00e9s de la coordinaci\u00f3n institucional y la profesionalizaci\u00f3n policial."},"content":{"rendered":"<p>&nbsp;<\/p>\n<p>Tuxtla Guti\u00e9rrez, Chiapas; 11 de abril 2025.- El director general del Centro Estatal de Control de Confianza Certificado (CECCC) del estado de Chiapas, Jos\u00e9 Alonso Llaven Villarreal, particip\u00f3 en la reuni\u00f3n ordinaria celebrada en el Cuartel General de la 31\/a. Zona Militar \u201cRancho Nuevo\u201d. En este encuentro se abord\u00f3 la implementaci\u00f3n de la validaci\u00f3n de las cartillas de identidad del servicio militar, en colaboraci\u00f3n con la comandancia de dicha zona militar.<\/p>\n<p>&nbsp;<\/p>\n<p>Llaven Villarreal fue cordialmente recibido por el Coronel de Infanter\u00eda Diplomado de Estado Mayor, Everardo Osorio V\u00e9lez, jefe de Estado Mayor de la 31\/a. Zona Militar. Esta reuni\u00f3n fortalece la alianza institucional y reafirma el compromiso conjunto de continuar trabajando por la seguridad del estado de Chiapas.<\/p>\n<p>&nbsp;<\/p>\n<p>Asimismo, el titular del CECCC asisti\u00f3 al evento de entrega de certificados \u00fanicos policiales, equipamiento e incremento salarial a la Polic\u00eda Municipal en Las Margaritas. Este acto subraya la importancia de contar con cuerpos policiales evaluados, capacitados y confiables, fundamentales para garantizar la paz y el bienestar de la ciudadan\u00eda.<\/p>\n<p>&nbsp;<\/p>\n<p>Ambas actividades reflejan el firme compromiso del CECCC por impulsar la profesionalizaci\u00f3n y fortalecimiento de las instituciones de seguridad en el estado, consolidando un Chiapas m\u00e1s seguro para todas y todos.<\/p>\n","protected":false},"excerpt":{"rendered":"<p>&nbsp; Tuxtla Guti\u00e9rrez, Chiapas; 11 de abril 2025.- El director general del Centro Estatal de&#8230;<\/p>\n","protected":false},"author":2,"featured_media":32254,"comment_status":"closed","ping_status":"closed","sticky":false,"template":"","format":"standard","meta":{"_joinchat":[],"footnotes":""},"categories":[18,1,2,3],"tags":[],"class_list":["post-32253","post","type-post","status-publish","format-standard","has-post-thumbnail","hentry","category-almomento","category-boletin","category-estado","category-health"],"_links":{"self":[{"href":"https:\/\/icoinformativo.mx\/home\/index.php?rest_route=\/wp\/v2\/posts\/32253","targetHints":{"allow":["GET"]}}],"collection":[{"href":"https:\/\/icoinformativo.mx\/home\/index.php?rest_route=\/wp\/v2\/posts"}],"about":[{"href":"https:\/\/icoinformativo.mx\/home\/index.php?rest_route=\/wp\/v2\/types\/post"}],"author":[{"embeddable":true,"href":"https:\/\/icoinformativo.mx\/home\/index.php?rest_route=\/wp\/v2\/users\/2"}],"replies":[{"embeddable":true,"href":"https:\/\/icoinformativo.mx\/home\/index.php?rest_route=%2Fwp%2Fv2%2Fcomments&post=32253"}],"version-history":[{"count":1,"href":"https:\/\/icoinformativo.mx\/home\/index.php?rest_route=\/wp\/v2\/posts\/32253\/revisions"}],"predecessor-version":[{"id":32255,"href":"https:\/\/icoinformativo.mx\/home\/index.php?rest_route=\/wp\/v2\/posts\/32253\/revisions\/32255"}],"wp:featuredmedia":[{"embeddable":true,"href":"https:\/\/icoinformativo.mx\/home\/index.php?rest_route=\/wp\/v2\/media\/32254"}],"wp:attachment":[{"href":"https:\/\/icoinformativo.mx\/home\/index.php?rest_route=%2Fwp%2Fv2%2Fmedia&parent=32253"}],"wp:term":[{"taxonomy":"category","embeddable":true,"href":"https:\/\/icoinformativo.mx\/home\/index.php?rest_route=%2Fwp%2Fv2%2Fcategories&post=32253"},{"taxonomy":"post_tag","embeddable":true,"href":"https:\/\/icoinformativo.mx\/home\/index.php?rest_route=%2Fwp%2Fv2%2Ftags&post=32253"}],"curies":[{"name":"wp","href":"https:\/\/api.w.org\/{rel}","templated":true}]}}