{"id":32211,"date":"2025-04-11T03:29:57","date_gmt":"2025-04-11T03:29:57","guid":{"rendered":"https:\/\/icoinformativo.mx\/home\/?p=32211"},"modified":"2025-04-11T03:29:57","modified_gmt":"2025-04-11T03:29:57","slug":"secretaria-de-educacion-e-indeporte-refrendan-su-compromiso-con-el-bienestar-y-desarrollo-integral-de-la-ninez-y-juventud-chiapaneca","status":"publish","type":"post","link":"https:\/\/icoinformativo.mx\/home\/?p=32211","title":{"rendered":"Secretar\u00eda de Educaci\u00f3n e Indeporte refrendan su compromiso con el bienestar y desarrollo integral de la ni\u00f1ez y juventud chiapaneca"},"content":{"rendered":"<p>&nbsp;<\/p>\n<p>\u00b7 Firman Roger Mandujano Ayala y Adona\u00ed S\u00e1nchez Osorio un convenio de colaboraci\u00f3n interinstitucional<\/p>\n<p>Tuxtla Guti\u00e9rrez.\u2013 La nueva etapa de la pol\u00edtica educativa y deportiva que impulsa el gobierno que encabeza Eduardo Ram\u00edrez Aguilar, propone, entre varios aspectos, brindar a las y los chiapanecos entornos m\u00e1s saludables, seguros y llenos de oportunidades para su bienestar y desarrollo integral.<\/p>\n<p>Bajo esa directriz, el secretario de Educaci\u00f3n, Roger Mandujano Ayala y el director general del Instituto del Deporte del Estado de Chiapas (Indeporte), Adona\u00ed S\u00e1nchez Osorio, concretaron este jueves un convenio de colaboraci\u00f3n que tuvo lugar en las instalaciones de la dependencia educativa.<\/p>\n<p>La firma de este acuerdo, en el que tambi\u00e9n estuvo presente el director de Educaci\u00f3n B\u00e1sica, Hugo Campos Flores, tiene por objetivo contribuir al bienestar y desarrollo integral de las ni\u00f1as, ni\u00f1os y j\u00f3venes de Educaci\u00f3n B\u00e1sica, Media y Superior en el estado de Chiapas, as\u00ed como de los j\u00f3venes deportistas.<\/p>\n<p>Estableci\u00e9ndose para ello, el apoyo entre las partes en el uso de sus instalaciones e intercambio acad\u00e9mico por medio de becas, capacitaciones, evaluaciones, fisioterapia y pr\u00e1cticas profesionales que ayuden a la formaci\u00f3n profesional, acad\u00e9mica y brinden la oportunidad de estudio a deportistas destacados, entre otros importantes acuerdos.<\/p>\n<p>Para S\u00e1nchez Osorio esta alianza impactar\u00e1 de buena manera a la sociedad chiapaneca, pues dijo, educaci\u00f3n y deporte es un binomio vital para la formaci\u00f3n de la ni\u00f1ez chiapaneca.<\/p>\n<p>\u201cEl deporte y la educaci\u00f3n es un binomio que tiene que estar junto. Este convenio es uno de los m\u00e1s importantes que tenemos que firmar; pues el deporte es un tema transversal que ataca otros aspectos de la vida, es vital para la formaci\u00f3n de los ni\u00f1os y ni\u00f1as en las escuelas, es el momento indicado para poder sembrar esa semilla para que tengamos j\u00f3venes m\u00e1s sanos en nuestra sociedad\u201d, mencion\u00f3.<\/p>\n<p>Por su parte, Mandujano Ayala destac\u00f3 que, en coordinaci\u00f3n con la SEP, se est\u00e1 procurando por el bienestar f\u00edsico, mental y de la propia conciencia de las ni\u00f1as, ni\u00f1os y j\u00f3venes de Chiapas a trav\u00e9s del programa: Vive Saludable.<\/p>\n<p>Precis\u00f3 que estas acciones tambi\u00e9n tienen un enfoque de interculturalidad, tratando de impulsar a las ni\u00f1as y ni\u00f1os ind\u00edgenas de la entidad para que no se queden rezagados y que vean en el deporte una v\u00eda de acceso para la interacci\u00f3n, el conocimiento y el di\u00e1logo con otras comunidades.<\/p>\n<p>\u00abEstamos aqu\u00ed con el director del Indeporte para impulsar y promover, pues un estilo de vida saludable no solo se trata de hacer deporte, sino de generar esa conciencia del deporte y de bienestar, hay que instalarles esa conciencia a los ni\u00f1os como su primer comunidad que es la familia y ese debe ser nuestro enfoque\u201d, indic\u00f3, comprometi\u00e9ndose a brindar todo el apoyo al Indeporte para fortalecer estas acciones para que la Nueva ERA sea la ERA del Deporte en Chiapas.<\/p>\n","protected":false},"excerpt":{"rendered":"<p>&nbsp; \u00b7 Firman Roger Mandujano Ayala y Adona\u00ed S\u00e1nchez Osorio un convenio de colaboraci\u00f3n interinstitucional&#8230;<\/p>\n","protected":false},"author":2,"featured_media":32212,"comment_status":"closed","ping_status":"closed","sticky":false,"template":"","format":"standard","meta":{"_joinchat":[],"footnotes":""},"categories":[18,1,2,3],"tags":[],"class_list":["post-32211","post","type-post","status-publish","format-standard","has-post-thumbnail","hentry","category-almomento","category-boletin","category-estado","category-health"],"_links":{"self":[{"href":"https:\/\/icoinformativo.mx\/home\/index.php?rest_route=\/wp\/v2\/posts\/32211","targetHints":{"allow":["GET"]}}],"collection":[{"href":"https:\/\/icoinformativo.mx\/home\/index.php?rest_route=\/wp\/v2\/posts"}],"about":[{"href":"https:\/\/icoinformativo.mx\/home\/index.php?rest_route=\/wp\/v2\/types\/post"}],"author":[{"embeddable":true,"href":"https:\/\/icoinformativo.mx\/home\/index.php?rest_route=\/wp\/v2\/users\/2"}],"replies":[{"embeddable":true,"href":"https:\/\/icoinformativo.mx\/home\/index.php?rest_route=%2Fwp%2Fv2%2Fcomments&post=32211"}],"version-history":[{"count":1,"href":"https:\/\/icoinformativo.mx\/home\/index.php?rest_route=\/wp\/v2\/posts\/32211\/revisions"}],"predecessor-version":[{"id":32213,"href":"https:\/\/icoinformativo.mx\/home\/index.php?rest_route=\/wp\/v2\/posts\/32211\/revisions\/32213"}],"wp:featuredmedia":[{"embeddable":true,"href":"https:\/\/icoinformativo.mx\/home\/index.php?rest_route=\/wp\/v2\/media\/32212"}],"wp:attachment":[{"href":"https:\/\/icoinformativo.mx\/home\/index.php?rest_route=%2Fwp%2Fv2%2Fmedia&parent=32211"}],"wp:term":[{"taxonomy":"category","embeddable":true,"href":"https:\/\/icoinformativo.mx\/home\/index.php?rest_route=%2Fwp%2Fv2%2Fcategories&post=32211"},{"taxonomy":"post_tag","embeddable":true,"href":"https:\/\/icoinformativo.mx\/home\/index.php?rest_route=%2Fwp%2Fv2%2Ftags&post=32211"}],"curies":[{"name":"wp","href":"https:\/\/api.w.org\/{rel}","templated":true}]}}