{"id":32171,"date":"2025-04-09T03:30:39","date_gmt":"2025-04-09T03:30:39","guid":{"rendered":"https:\/\/icoinformativo.mx\/home\/?p=32171"},"modified":"2025-04-09T03:30:39","modified_gmt":"2025-04-09T03:30:39","slug":"ceccc-refuerza-compromiso-por-la-seguridad-y-la-confianza-ciudadana-con-firma-de-convenios-interinstitucionales","status":"publish","type":"post","link":"https:\/\/icoinformativo.mx\/home\/?p=32171","title":{"rendered":"CECCC refuerza compromiso por la seguridad y la confianza ciudadana con firma de convenios interinstitucionales"},"content":{"rendered":"<p>&nbsp;<\/p>\n<p>Tuxtla Guti\u00e9rrez, Chiapas; 8 de abril 2025.- La certificaci\u00f3n de los cuerpos policiales representa un compromiso primordial en la Nueva ERA de transformaci\u00f3n institucional, en este contexto, el Centro Estatal de Control y Confianza Certificado (CECCC) del Estado de Chiapas, bajo la direcci\u00f3n de Jos\u00e9 Alonso Llaven, contin\u00faa trabajando de manera constante para cumplir con los est\u00e1ndares de evaluaci\u00f3n y profesionalizaci\u00f3n de las fuerzas de seguridad.<\/p>\n<p>En cumplimiento de esta misi\u00f3n, este martes se celebraron importantes actos de colaboraci\u00f3n intergubernamental mediante la firma de convenios de coordinaci\u00f3n y reuniones de trabajo con diversos ayuntamientos.<\/p>\n<p>Llaven Villarreal suscribi\u00f3 un convenio con la presidenta municipal de Coapilla, Yadira P\u00e9rez P\u00e9rez, con el objetivo de fortalecer los mecanismos de evaluaci\u00f3n, certificaci\u00f3n y seguimiento del personal policial del municipio.<\/p>\n<p>Asimismo, se formaliz\u00f3 un segundo convenio con el presidente municipal de Ocozocoautla de Espinosa, Francisco Javier Chamb\u00e9 Morales, reafirmando el compromiso de ambas instancias por consolidar cuerpos de seguridad confiables, profesionales y cercanos a la ciudadan\u00eda.<\/p>\n<p>Estas acciones reafirman el compromiso del CECCC y de los gobiernos municipales con la construcci\u00f3n de un entorno de paz, orden y justicia para las y los chiapanecos.<\/p>\n","protected":false},"excerpt":{"rendered":"<p>&nbsp; Tuxtla Guti\u00e9rrez, Chiapas; 8 de abril 2025.- La certificaci\u00f3n de los cuerpos policiales representa&#8230;<\/p>\n","protected":false},"author":2,"featured_media":32172,"comment_status":"closed","ping_status":"closed","sticky":false,"template":"","format":"standard","meta":{"_joinchat":[],"footnotes":""},"categories":[18,1,2,3],"tags":[],"class_list":["post-32171","post","type-post","status-publish","format-standard","has-post-thumbnail","hentry","category-almomento","category-boletin","category-estado","category-health"],"_links":{"self":[{"href":"https:\/\/icoinformativo.mx\/home\/index.php?rest_route=\/wp\/v2\/posts\/32171","targetHints":{"allow":["GET"]}}],"collection":[{"href":"https:\/\/icoinformativo.mx\/home\/index.php?rest_route=\/wp\/v2\/posts"}],"about":[{"href":"https:\/\/icoinformativo.mx\/home\/index.php?rest_route=\/wp\/v2\/types\/post"}],"author":[{"embeddable":true,"href":"https:\/\/icoinformativo.mx\/home\/index.php?rest_route=\/wp\/v2\/users\/2"}],"replies":[{"embeddable":true,"href":"https:\/\/icoinformativo.mx\/home\/index.php?rest_route=%2Fwp%2Fv2%2Fcomments&post=32171"}],"version-history":[{"count":1,"href":"https:\/\/icoinformativo.mx\/home\/index.php?rest_route=\/wp\/v2\/posts\/32171\/revisions"}],"predecessor-version":[{"id":32173,"href":"https:\/\/icoinformativo.mx\/home\/index.php?rest_route=\/wp\/v2\/posts\/32171\/revisions\/32173"}],"wp:featuredmedia":[{"embeddable":true,"href":"https:\/\/icoinformativo.mx\/home\/index.php?rest_route=\/wp\/v2\/media\/32172"}],"wp:attachment":[{"href":"https:\/\/icoinformativo.mx\/home\/index.php?rest_route=%2Fwp%2Fv2%2Fmedia&parent=32171"}],"wp:term":[{"taxonomy":"category","embeddable":true,"href":"https:\/\/icoinformativo.mx\/home\/index.php?rest_route=%2Fwp%2Fv2%2Fcategories&post=32171"},{"taxonomy":"post_tag","embeddable":true,"href":"https:\/\/icoinformativo.mx\/home\/index.php?rest_route=%2Fwp%2Fv2%2Ftags&post=32171"}],"curies":[{"name":"wp","href":"https:\/\/api.w.org\/{rel}","templated":true}]}}