{"id":32168,"date":"2025-04-09T03:29:33","date_gmt":"2025-04-09T03:29:33","guid":{"rendered":"https:\/\/icoinformativo.mx\/home\/?p=32168"},"modified":"2025-04-09T03:29:33","modified_gmt":"2025-04-09T03:29:33","slug":"fiscalia-general-del-estado-y-el-cecytech-firman-convenio-de-colaboracion","status":"publish","type":"post","link":"https:\/\/icoinformativo.mx\/home\/?p=32168","title":{"rendered":"Fiscal\u00eda General del Estado y el Cecytech firman convenio de colaboraci\u00f3n"},"content":{"rendered":"<p>&nbsp;<\/p>\n<p>\u2022 Realizan Jornadas por la Paz en el Plantel 01 San Fernando<\/p>\n<p>\u2022 El narcomenudeo busca enganchar a las y los j\u00f3venes; debemos protegerlos: Jorge Llaven<\/p>\n<p>&nbsp;<\/p>\n<p>San Fernando, Chiapas.- El fiscal general del Estado, Jorge Luis Llaven Abarca, y el director general del Colegio de Estudios Cient\u00edficos y Tecnol\u00f3gicos del Estado de Chiapas (Cecytech), Luis Guadalupe Morales \u00c1ngeles, firmaron un convenio de colaboraci\u00f3n y encabezaron las Jornadas por la Paz en beneficio del estudiantado de esta instituci\u00f3n.<\/p>\n<p>&nbsp;<\/p>\n<p>Durante el evento realizado en el CECyT 01 San Fernando, Llaven Abarca expres\u00f3 que este tipo de convenios derivan de la Mesa de Paz Chiapas, que encabeza el gobernador Eduardo Ram\u00edrez Aguilar, donde se ha establecido el trabajo cercano con las y los j\u00f3venes en materia de prevenci\u00f3n del delito, sobre todo en el combate al narcomenudeo y la violencia en las escuelas.<\/p>\n<p>&nbsp;<\/p>\n<p>\u201cEs muy importante, j\u00f3venes, que sepan que son vulnerables ante ciertas circunstancias, como el narcomenudeo, uno de los delitos que a\u00fan persiste y que los busca a ustedes, porque lamentablemente hay mucha desinformaci\u00f3n. Los invito a que, por favor, cualquier situaci\u00f3n que conozcan, o si les ofrecen sustancias il\u00edcitas dentro o fuera de su escuela, se lo hagan saber a sus maestras, maestros, madres o padres\u201d, apunt\u00f3.<\/p>\n<p>&nbsp;<\/p>\n<p>Asimismo, convoc\u00f3 a las y los estudiantes a no participar en actos violentos que solo generan conflictos con la ley, y en caso de ser v\u00edctimas, a no quedarse callados y denunciar. \u201cEn Chiapas hay autoridades que todos los d\u00edas trabajamos para que tengan un entorno seguro y sean una comunidad que vive en paz. As\u00ed que vamos a trabajar para que ustedes solo se preocupen por estudiar, sacar buenas calificaciones y ser grandes profesionistas\u201d, reiter\u00f3.<\/p>\n<p>&nbsp;<\/p>\n<p>Por su parte, el director del Cecytech reconoci\u00f3 las acciones emprendidas para fomentar la paz entre un sector que es muy importante para el presente y el futuro de Chiapas como las y los j\u00f3venes. Destac\u00f3 que el fiscal general ha sido pieza clave en los esfuerzos por pacificar el estado, bajo el liderazgo del gobernador Eduardo Ram\u00edrez.<\/p>\n<p>&nbsp;<\/p>\n<p>Como parte de estas jornadas, diferentes instancias federales, estatales y municipales compartieron informaci\u00f3n y realizaron actividades que fomentan la participaci\u00f3n de la comunidad estudiantil, reforzando el prop\u00f3sito de estas acciones: promover una cultura de paz.<\/p>\n","protected":false},"excerpt":{"rendered":"<p>&nbsp; \u2022 Realizan Jornadas por la Paz en el Plantel 01 San Fernando \u2022 El&#8230;<\/p>\n","protected":false},"author":2,"featured_media":32169,"comment_status":"closed","ping_status":"closed","sticky":false,"template":"","format":"standard","meta":{"_joinchat":[],"footnotes":""},"categories":[18,1,2,3],"tags":[],"class_list":["post-32168","post","type-post","status-publish","format-standard","has-post-thumbnail","hentry","category-almomento","category-boletin","category-estado","category-health"],"_links":{"self":[{"href":"https:\/\/icoinformativo.mx\/home\/index.php?rest_route=\/wp\/v2\/posts\/32168","targetHints":{"allow":["GET"]}}],"collection":[{"href":"https:\/\/icoinformativo.mx\/home\/index.php?rest_route=\/wp\/v2\/posts"}],"about":[{"href":"https:\/\/icoinformativo.mx\/home\/index.php?rest_route=\/wp\/v2\/types\/post"}],"author":[{"embeddable":true,"href":"https:\/\/icoinformativo.mx\/home\/index.php?rest_route=\/wp\/v2\/users\/2"}],"replies":[{"embeddable":true,"href":"https:\/\/icoinformativo.mx\/home\/index.php?rest_route=%2Fwp%2Fv2%2Fcomments&post=32168"}],"version-history":[{"count":1,"href":"https:\/\/icoinformativo.mx\/home\/index.php?rest_route=\/wp\/v2\/posts\/32168\/revisions"}],"predecessor-version":[{"id":32170,"href":"https:\/\/icoinformativo.mx\/home\/index.php?rest_route=\/wp\/v2\/posts\/32168\/revisions\/32170"}],"wp:featuredmedia":[{"embeddable":true,"href":"https:\/\/icoinformativo.mx\/home\/index.php?rest_route=\/wp\/v2\/media\/32169"}],"wp:attachment":[{"href":"https:\/\/icoinformativo.mx\/home\/index.php?rest_route=%2Fwp%2Fv2%2Fmedia&parent=32168"}],"wp:term":[{"taxonomy":"category","embeddable":true,"href":"https:\/\/icoinformativo.mx\/home\/index.php?rest_route=%2Fwp%2Fv2%2Fcategories&post=32168"},{"taxonomy":"post_tag","embeddable":true,"href":"https:\/\/icoinformativo.mx\/home\/index.php?rest_route=%2Fwp%2Fv2%2Ftags&post=32168"}],"curies":[{"name":"wp","href":"https:\/\/api.w.org\/{rel}","templated":true}]}}