{"id":32159,"date":"2025-04-08T03:45:52","date_gmt":"2025-04-08T03:45:52","guid":{"rendered":"https:\/\/icoinformativo.mx\/home\/?p=32159"},"modified":"2025-04-08T03:45:52","modified_gmt":"2025-04-08T03:45:52","slug":"presidente-municipal-de-sunuapa-asistio-a-la-entrega-de-la-cedula-de-acreditacion-del-centro-certificador","status":"publish","type":"post","link":"https:\/\/icoinformativo.mx\/home\/?p=32159","title":{"rendered":"PRESIDENTE MUNICIPAL DE SUNUAPA ASISTI\u00d3 A LA ENTREGA DE LA CEDULA DE ACREDITACION DEL CENTRO CERTIFICADOR"},"content":{"rendered":"<p>&nbsp;<\/p>\n<p>El Presidente Municipal de Sunuapa Fredi Ramirez Diaz formalizo la firma de convenios de colaboraci\u00f3n junto a otros presidentes municipales de la zona norte, consolidando una red de vinculaci\u00f3n territorial con impacto en educaci\u00f3n, extensi\u00f3n y desarrollo social.<\/p>\n<p>&nbsp;<\/p>\n<p>En su participaci\u00f3n los presidentes municipales reconocieron la importancia de mantener un trabajo coordinado y permanente con la Universidad Aut\u00f3noma de Chiapas.<\/p>\n<p>&nbsp;<\/p>\n<p>En beneficio de sus municipios dejando de manifiesto la voluntad de sumar esfuerzos para impulsar proyectos acad\u00e9micos, productivos y de desarrollo comunitario que fortalezcan el tejido social y eleven la calidad educativa en la regi\u00f3n.<\/p>\n","protected":false},"excerpt":{"rendered":"<p>&nbsp; El Presidente Municipal de Sunuapa Fredi Ramirez Diaz formalizo la firma de convenios de&#8230;<\/p>\n","protected":false},"author":2,"featured_media":32160,"comment_status":"closed","ping_status":"closed","sticky":false,"template":"","format":"standard","meta":{"_joinchat":[],"footnotes":""},"categories":[18,1,2,3],"tags":[],"class_list":["post-32159","post","type-post","status-publish","format-standard","has-post-thumbnail","hentry","category-almomento","category-boletin","category-estado","category-health"],"_links":{"self":[{"href":"https:\/\/icoinformativo.mx\/home\/index.php?rest_route=\/wp\/v2\/posts\/32159","targetHints":{"allow":["GET"]}}],"collection":[{"href":"https:\/\/icoinformativo.mx\/home\/index.php?rest_route=\/wp\/v2\/posts"}],"about":[{"href":"https:\/\/icoinformativo.mx\/home\/index.php?rest_route=\/wp\/v2\/types\/post"}],"author":[{"embeddable":true,"href":"https:\/\/icoinformativo.mx\/home\/index.php?rest_route=\/wp\/v2\/users\/2"}],"replies":[{"embeddable":true,"href":"https:\/\/icoinformativo.mx\/home\/index.php?rest_route=%2Fwp%2Fv2%2Fcomments&post=32159"}],"version-history":[{"count":1,"href":"https:\/\/icoinformativo.mx\/home\/index.php?rest_route=\/wp\/v2\/posts\/32159\/revisions"}],"predecessor-version":[{"id":32161,"href":"https:\/\/icoinformativo.mx\/home\/index.php?rest_route=\/wp\/v2\/posts\/32159\/revisions\/32161"}],"wp:featuredmedia":[{"embeddable":true,"href":"https:\/\/icoinformativo.mx\/home\/index.php?rest_route=\/wp\/v2\/media\/32160"}],"wp:attachment":[{"href":"https:\/\/icoinformativo.mx\/home\/index.php?rest_route=%2Fwp%2Fv2%2Fmedia&parent=32159"}],"wp:term":[{"taxonomy":"category","embeddable":true,"href":"https:\/\/icoinformativo.mx\/home\/index.php?rest_route=%2Fwp%2Fv2%2Fcategories&post=32159"},{"taxonomy":"post_tag","embeddable":true,"href":"https:\/\/icoinformativo.mx\/home\/index.php?rest_route=%2Fwp%2Fv2%2Ftags&post=32159"}],"curies":[{"name":"wp","href":"https:\/\/api.w.org\/{rel}","templated":true}]}}