{"id":32156,"date":"2025-04-08T03:42:05","date_gmt":"2025-04-08T03:42:05","guid":{"rendered":"https:\/\/icoinformativo.mx\/home\/?p=32156"},"modified":"2025-04-08T03:42:05","modified_gmt":"2025-04-08T03:42:05","slug":"alcalde-de-ixtacomitan-asiste-a-la-firma-de-convenio-de-colaboracion-con-la-universidad-autonoma-de-chiapas-unach","status":"publish","type":"post","link":"https:\/\/icoinformativo.mx\/home\/?p=32156","title":{"rendered":"Alcalde de Ixtacomitan asiste a la firma de convenio de colaboraci\u00f3n con la Universidad Aut\u00f3noma de Chiapas (Unach)"},"content":{"rendered":"<p>IXTACOMIT\u00c1N<\/p>\n<p>&nbsp;<\/p>\n<p>\u00a1La educaci\u00f3n es el camino hacia el desarrollo!<\/p>\n<p>&nbsp;<\/p>\n<p>El Presidente Municipal de Ixtacomit\u00e1n Miguel Angel Moreno Palacios realizo la firma de convenio de colaboraci\u00f3n con la Universidad Aut\u00f3noma de Chiapas (UNACH), representada por su rector, el Dr. Oswaldo Chac\u00f3n Rojas .<\/p>\n<p>&nbsp;<\/p>\n<p>Este acuerdo abrir\u00e1 nuevas oportunidades para que estudiantes realicen su servicio social, pr\u00e1cticas profesionales y participen en proyectos que beneficiar\u00e1n a nuestro municipio.<\/p>\n<p>&nbsp;<\/p>\n<p>Adem\u00e1s, este convenio permitir\u00e1 que expertos de la UNACH nos brinden asesor\u00edas t\u00e9cnicas, capacitaciones y apoyo acad\u00e9mico, fortaleciendo as\u00ed la transformaci\u00f3n de Ixtacomit\u00e1n.<\/p>\n<p>&nbsp;<\/p>\n<p style=\"text-align: left;\">\u00abAgradezco al Dr. Oswaldo Chac\u00f3n Rojas y a su equipo por su disposici\u00f3n y compromiso. Juntos, seguiremos impulsando acciones que fortalezcan la formaci\u00f3n profesional de nuestra juventud y el bienestar de nuestra comunidad\u00bb; Miguel Angel Moreno Palacios<\/p>\n<p>&nbsp;<\/p>\n<p>\u00a1Vamos por m\u00e1s logros para nue<!--more-->stro pueblo!<\/p>\n","protected":false},"excerpt":{"rendered":"<p>IXTACOMIT\u00c1N &nbsp; \u00a1La educaci\u00f3n es el camino hacia el desarrollo! &nbsp; El Presidente Municipal de&#8230;<\/p>\n","protected":false},"author":2,"featured_media":32157,"comment_status":"closed","ping_status":"closed","sticky":false,"template":"","format":"standard","meta":{"_joinchat":[],"footnotes":""},"categories":[18,1,2,3],"tags":[],"class_list":["post-32156","post","type-post","status-publish","format-standard","has-post-thumbnail","hentry","category-almomento","category-boletin","category-estado","category-health"],"_links":{"self":[{"href":"https:\/\/icoinformativo.mx\/home\/index.php?rest_route=\/wp\/v2\/posts\/32156","targetHints":{"allow":["GET"]}}],"collection":[{"href":"https:\/\/icoinformativo.mx\/home\/index.php?rest_route=\/wp\/v2\/posts"}],"about":[{"href":"https:\/\/icoinformativo.mx\/home\/index.php?rest_route=\/wp\/v2\/types\/post"}],"author":[{"embeddable":true,"href":"https:\/\/icoinformativo.mx\/home\/index.php?rest_route=\/wp\/v2\/users\/2"}],"replies":[{"embeddable":true,"href":"https:\/\/icoinformativo.mx\/home\/index.php?rest_route=%2Fwp%2Fv2%2Fcomments&post=32156"}],"version-history":[{"count":1,"href":"https:\/\/icoinformativo.mx\/home\/index.php?rest_route=\/wp\/v2\/posts\/32156\/revisions"}],"predecessor-version":[{"id":32158,"href":"https:\/\/icoinformativo.mx\/home\/index.php?rest_route=\/wp\/v2\/posts\/32156\/revisions\/32158"}],"wp:featuredmedia":[{"embeddable":true,"href":"https:\/\/icoinformativo.mx\/home\/index.php?rest_route=\/wp\/v2\/media\/32157"}],"wp:attachment":[{"href":"https:\/\/icoinformativo.mx\/home\/index.php?rest_route=%2Fwp%2Fv2%2Fmedia&parent=32156"}],"wp:term":[{"taxonomy":"category","embeddable":true,"href":"https:\/\/icoinformativo.mx\/home\/index.php?rest_route=%2Fwp%2Fv2%2Fcategories&post=32156"},{"taxonomy":"post_tag","embeddable":true,"href":"https:\/\/icoinformativo.mx\/home\/index.php?rest_route=%2Fwp%2Fv2%2Ftags&post=32156"}],"curies":[{"name":"wp","href":"https:\/\/api.w.org\/{rel}","templated":true}]}}