{"id":32051,"date":"2025-04-02T03:34:04","date_gmt":"2025-04-02T03:34:04","guid":{"rendered":"https:\/\/icoinformativo.mx\/home\/?p=32051"},"modified":"2025-04-02T03:34:04","modified_gmt":"2025-04-02T03:34:04","slug":"solosuchiapa-conmemora-el-dia-mundial-de-la-concienciacion-sobre-el-autismo","status":"publish","type":"post","link":"https:\/\/icoinformativo.mx\/home\/?p=32051","title":{"rendered":"Solosuchiapa conmemora el D\u00eda Mundial de la Concienciaci\u00f3n sobre el Autismo"},"content":{"rendered":"<p>&nbsp;<\/p>\n<p>El H. Ayuntamiento de Solosuchiapa, en coordinaci\u00f3n con el DIF Municipal y la Jurisdicci\u00f3n Sanitaria No. V de Pichucalco, llev\u00f3 a cabo un emotivo evento en el marco del D\u00eda Mundial de la Concienciaci\u00f3n sobre el Autismo.<\/p>\n<p>&nbsp;<\/p>\n<p>En esta actividad se cont\u00f3 con la presencia del Dr. Guillermo Ituriel Gordillo Penagos, Jefe de la Jurisdicci\u00f3n Sanitaria No. V; la Mtra. Yolanda Aparicio Trejo, Directora del DIF Municipal; la Lic. Mercedes Hern\u00e1ndez L\u00f3pez, Regidora del municipio; as\u00ed como de directores de instituciones educativas, coordinadores de salud y representantes de la Casa de la Cultura.<\/p>\n<p>&nbsp;<\/p>\n<p>Su participaci\u00f3n reafirma el compromiso con la inclusi\u00f3n y el bienestar de las personas con autismo.<\/p>\n<p>&nbsp;<\/p>\n<p>Durante el evento, se realizaron diversas actividades con ni\u00f1os de instituciones educativas, promoviendo la empat\u00eda, la inclusi\u00f3n y el respeto a la diversidad. Todos los asistentes disfrutaron de un momento agradable y enriquecedor.<\/p>\n<p>&nbsp;<\/p>\n<p>Adem\u00e1s, el grupo de danza Sunyitampa Yomo ofreci\u00f3 una hermosa presentaci\u00f3n, llenando la jornada de arte y cultura.<\/p>\n<p>&nbsp;<\/p>\n<p>\u201cEl autismo no es una discapacidad, es una forma diferente de ver el mundo\u201d.<\/p>\n<p>&nbsp;<\/p>\n<p>Agradecemos a todas las instituciones, invitados especiales y ciudadanos que se sumaron a este evento.<\/p>\n<p>&nbsp;<\/p>\n<p>\u00a1Sigamos construyendo una sociedad m\u00e1s inclusiva y consciente!<\/p>\n<p>&nbsp;<\/p>\n<p>#Concienciaci\u00f3nDelAutismo #QueOrgulloSerShuleco<\/p>\n","protected":false},"excerpt":{"rendered":"<p>&nbsp; El H. Ayuntamiento de Solosuchiapa, en coordinaci\u00f3n con el DIF Municipal y la Jurisdicci\u00f3n&#8230;<\/p>\n","protected":false},"author":2,"featured_media":32052,"comment_status":"closed","ping_status":"closed","sticky":false,"template":"","format":"standard","meta":{"_joinchat":[],"footnotes":""},"categories":[18,1,2,3],"tags":[],"class_list":["post-32051","post","type-post","status-publish","format-standard","has-post-thumbnail","hentry","category-almomento","category-boletin","category-estado","category-health"],"_links":{"self":[{"href":"https:\/\/icoinformativo.mx\/home\/index.php?rest_route=\/wp\/v2\/posts\/32051","targetHints":{"allow":["GET"]}}],"collection":[{"href":"https:\/\/icoinformativo.mx\/home\/index.php?rest_route=\/wp\/v2\/posts"}],"about":[{"href":"https:\/\/icoinformativo.mx\/home\/index.php?rest_route=\/wp\/v2\/types\/post"}],"author":[{"embeddable":true,"href":"https:\/\/icoinformativo.mx\/home\/index.php?rest_route=\/wp\/v2\/users\/2"}],"replies":[{"embeddable":true,"href":"https:\/\/icoinformativo.mx\/home\/index.php?rest_route=%2Fwp%2Fv2%2Fcomments&post=32051"}],"version-history":[{"count":1,"href":"https:\/\/icoinformativo.mx\/home\/index.php?rest_route=\/wp\/v2\/posts\/32051\/revisions"}],"predecessor-version":[{"id":32053,"href":"https:\/\/icoinformativo.mx\/home\/index.php?rest_route=\/wp\/v2\/posts\/32051\/revisions\/32053"}],"wp:featuredmedia":[{"embeddable":true,"href":"https:\/\/icoinformativo.mx\/home\/index.php?rest_route=\/wp\/v2\/media\/32052"}],"wp:attachment":[{"href":"https:\/\/icoinformativo.mx\/home\/index.php?rest_route=%2Fwp%2Fv2%2Fmedia&parent=32051"}],"wp:term":[{"taxonomy":"category","embeddable":true,"href":"https:\/\/icoinformativo.mx\/home\/index.php?rest_route=%2Fwp%2Fv2%2Fcategories&post=32051"},{"taxonomy":"post_tag","embeddable":true,"href":"https:\/\/icoinformativo.mx\/home\/index.php?rest_route=%2Fwp%2Fv2%2Ftags&post=32051"}],"curies":[{"name":"wp","href":"https:\/\/api.w.org\/{rel}","templated":true}]}}