{"id":32042,"date":"2025-04-02T02:30:23","date_gmt":"2025-04-02T02:30:23","guid":{"rendered":"https:\/\/icoinformativo.mx\/home\/?p=32042"},"modified":"2025-04-02T02:30:23","modified_gmt":"2025-04-02T02:30:23","slug":"comitan-motor-del-desarrollo-agropecuario-regional-sagyp","status":"publish","type":"post","link":"https:\/\/icoinformativo.mx\/home\/?p=32042","title":{"rendered":"Comit\u00e1n, motor del desarrollo agropecuario regional: SAGyP"},"content":{"rendered":"<p>&nbsp;<\/p>\n<p>Comit\u00e1n de Dom\u00ednguez, Chiapas. \u2013 En gira de trabajo por este municipio, el secretario de Agricultura, Ganader\u00eda y Pesca (SAGyP), Marco Antonio Barba Arrocha, afirm\u00f3 que \u201cnadie se quedar\u00e1 fuera\u201d en la transformaci\u00f3n del campo chiapaneco, y asegur\u00f3 que este esfuerzo incluye desde el sector social hasta los inversionistas.<\/p>\n<p>&nbsp;<\/p>\n<p>Acompa\u00f1ado por autoridades estatales, municipales, productores e introductores, Barba Arrocha recorri\u00f3 el rastro municipal, donde anunci\u00f3 su modernizaci\u00f3n a Tipo Inspecci\u00f3n Federal (TIF). Este proyecto permitir\u00e1 garantizar carne de calidad, proteger la salud p\u00fablica y generar empleo local.<\/p>\n<p>&nbsp;<\/p>\n<p>\u201cVamos a hacer de este rastro un referente estatal. Ser\u00e1 un proceso con nueva log\u00edstica, pero lo haremos con responsabilidad y di\u00e1logo para mantener el abasto\u201d, indic\u00f3. Lo acompa\u00f1aron el alcalde, Mario Antonio Guill\u00e9n, el subsecretario de Ganader\u00eda, H\u00e9ctor Albores Cruz, y el director del rastro, Jos\u00e9 L\u00e1zaro Moreno Villatoro.<\/p>\n<p>&nbsp;<\/p>\n<p>Explic\u00f3 que por instrucci\u00f3n del gobernador Eduardo Ram\u00edrez Aguilar, se trabaja para fortalecer la infraestructura sanitaria y comercial de Comit\u00e1n y su regi\u00f3n, con el objetivo de consolidar su vocaci\u00f3n ganadera. A\u00f1adi\u00f3 que se mantiene coordinaci\u00f3n con introductores para asegurar el suministro c\u00e1rnico durante la transici\u00f3n.<\/p>\n<p>&nbsp;<\/p>\n<p>En reuni\u00f3n con enlaces regionales, deline\u00f3 una estrategia para atraer inversi\u00f3n agroindustrial. Destac\u00f3 que las condiciones de seguridad actuales permiten el arribo de empresas compradoras de frutas y hortalizas, lo cual traer\u00e1 beneficios directos a productores, proveedores y comunidades.<\/p>\n<p>&nbsp;<\/p>\n<p>En este contexto, reconoci\u00f3 el papel de Conagro, cuyo gerente general, Delmar L\u00f3pez Calvo, se ha sumado a los esfuerzos de fortalecimiento productivo y comercial en la zona. En la reuni\u00f3n con Conagro M\u00e9xico se le explic\u00f3 el proyecto de cultivo de berries en la Meseta Comiteca. Barba Arrocha agradeci\u00f3 la disposici\u00f3n de esta empresa para integrarse a los planes de desarrollo con visi\u00f3n de largo plazo.<\/p>\n<p>&nbsp;<\/p>\n<p>Al reunirse con Carlos Guill\u00e9n Gordillo, presidente del Consejo Mexicano Promotor del Comiteco, valor\u00f3 el potencial del agave como s\u00edmbolo de identidad y fuente de desarrollo econ\u00f3mico. \u201cAcompa\u00f1aremos este proyecto con financiamiento, certificaci\u00f3n y comercializaci\u00f3n internacional\u201d, asegur\u00f3.<\/p>\n<p>&nbsp;<\/p>\n<p>En la gira se corrobor\u00f3 que las mujeres de esta regi\u00f3n de Comit\u00e1n est\u00e1n muy integradas en todos estos proyectos agropecuarios y agroindustriales.<\/p>\n<p>&nbsp;<\/p>\n<p>En di\u00e1logo directo con productores y emprendedores, reiter\u00f3 el compromiso de impulsar la econom\u00eda local mediante programas que fortalezcan el valor agregado en el campo.<\/p>\n<p>2 \/ 2<\/p>\n<p>\u201cQueremos que la gente tenga mejores ingresos y que disminuya la migraci\u00f3n. Vamos juntos en esta ruta de crecimiento\u201d, concluy\u00f3.<\/p>\n<p>&nbsp;<\/p>\n<p>En la Expo Feria Comit\u00e1n 2025, la tierra del gobernador Eduardo Ram\u00edrez Aguilar, Barba Arrocha realiz\u00f3 un recorrido para iniciar un proceso de modernizaci\u00f3n de sus instalaciones y mejorar ese espacio que visibiliza el talento, conecta productos con mercados y abre puertas a alianzas que pueden cambiar comunidades.<\/p>\n<p>&nbsp;<\/p>\n<p>En las reuniones estuvieron presentes la se\u00f1ora Ver\u00f3nica Morales de Barba, esposa del titular de la SAGyP; Antonio N\u00e1jera Tovar, director de Fomento y Desarrollo Agr\u00edcola de la SAGyP; Roberto Ortiz Albores, director de Desarrollo Rural del Ayuntamiento de Comit\u00e1n; Julio C\u00e9sar Morales Albores, enlace regional de la SAGyP en Comit\u00e1n; Luis Guti\u00e9rrez Mandujano, m\u00e9dico veterinario zootecnista; y Luis Javier Flores, arquitecto de la Secretar\u00eda de Infraestructura.<\/p>\n<p>&nbsp;<\/p>\n","protected":false},"excerpt":{"rendered":"<p>&nbsp; Comit\u00e1n de Dom\u00ednguez, Chiapas. \u2013 En gira de trabajo por este municipio, el secretario&#8230;<\/p>\n","protected":false},"author":2,"featured_media":32043,"comment_status":"closed","ping_status":"closed","sticky":false,"template":"","format":"standard","meta":{"_joinchat":[],"footnotes":""},"categories":[18,1,2,3],"tags":[],"class_list":["post-32042","post","type-post","status-publish","format-standard","has-post-thumbnail","hentry","category-almomento","category-boletin","category-estado","category-health"],"_links":{"self":[{"href":"https:\/\/icoinformativo.mx\/home\/index.php?rest_route=\/wp\/v2\/posts\/32042","targetHints":{"allow":["GET"]}}],"collection":[{"href":"https:\/\/icoinformativo.mx\/home\/index.php?rest_route=\/wp\/v2\/posts"}],"about":[{"href":"https:\/\/icoinformativo.mx\/home\/index.php?rest_route=\/wp\/v2\/types\/post"}],"author":[{"embeddable":true,"href":"https:\/\/icoinformativo.mx\/home\/index.php?rest_route=\/wp\/v2\/users\/2"}],"replies":[{"embeddable":true,"href":"https:\/\/icoinformativo.mx\/home\/index.php?rest_route=%2Fwp%2Fv2%2Fcomments&post=32042"}],"version-history":[{"count":1,"href":"https:\/\/icoinformativo.mx\/home\/index.php?rest_route=\/wp\/v2\/posts\/32042\/revisions"}],"predecessor-version":[{"id":32044,"href":"https:\/\/icoinformativo.mx\/home\/index.php?rest_route=\/wp\/v2\/posts\/32042\/revisions\/32044"}],"wp:featuredmedia":[{"embeddable":true,"href":"https:\/\/icoinformativo.mx\/home\/index.php?rest_route=\/wp\/v2\/media\/32043"}],"wp:attachment":[{"href":"https:\/\/icoinformativo.mx\/home\/index.php?rest_route=%2Fwp%2Fv2%2Fmedia&parent=32042"}],"wp:term":[{"taxonomy":"category","embeddable":true,"href":"https:\/\/icoinformativo.mx\/home\/index.php?rest_route=%2Fwp%2Fv2%2Fcategories&post=32042"},{"taxonomy":"post_tag","embeddable":true,"href":"https:\/\/icoinformativo.mx\/home\/index.php?rest_route=%2Fwp%2Fv2%2Ftags&post=32042"}],"curies":[{"name":"wp","href":"https:\/\/api.w.org\/{rel}","templated":true}]}}