{"id":32039,"date":"2025-04-02T02:28:38","date_gmt":"2025-04-02T02:28:38","guid":{"rendered":"https:\/\/icoinformativo.mx\/home\/?p=32039"},"modified":"2025-04-02T02:28:38","modified_gmt":"2025-04-02T02:28:38","slug":"volaris-fortalece-la-conectividad-aerea-de-chiapas-con-nueva-ruta-tuxtla-gutierrez-monterrey","status":"publish","type":"post","link":"https:\/\/icoinformativo.mx\/home\/?p=32039","title":{"rendered":"Volaris fortalece la conectividad a\u00e9rea de Chiapas con nueva ruta Tuxtla Guti\u00e9rrez \u2013 Monterrey"},"content":{"rendered":"<p>&nbsp;<\/p>\n<p>\u00b7 Se anunci\u00f3 el lanzamiento de su nueva ruta Tuxtla Guti\u00e9rrez\u2013Monterrey, la cual inici\u00f3 operaciones el 31 de marzo con una frecuencia diaria<\/p>\n<p>&nbsp;<\/p>\n<p>&nbsp;<\/p>\n<p>Con el prop\u00f3sito de fortalecer la conectividad a\u00e9rea de M\u00e9xico y contribuir al crecimiento econ\u00f3mico y tur\u00edstico de Chiapas, Volaris anunci\u00f3 el lanzamiento de su nueva ruta Tuxtla Guti\u00e9rrez \u2013 Monterrey, la cual inici\u00f3 operaciones el 31 de marzo con una frecuencia diaria, brindando opciones accesibles y eficientes para los viajeros.<\/p>\n<p>&nbsp;<\/p>\n<p>Durante una conferencia de prensa, el coordinador general ejecutivo de la Secretar\u00eda de Turismo (Sectur), Segundo Guill\u00e9n Gordillo, y la gerente de Ventas y Desarrollo de Mercados M\u00e9xico de Volaris, Nanci Galaviz Lomel\u00ed, destacaron que esta ampliaci\u00f3n de conectividad beneficiar\u00e1 tanto a Monterrey, uno de los principales centros industriales de Am\u00e9rica Latina, como a Chiapas, un destino reconocido por su riqueza natural, cultural y biodiversidad, teniendo a Tuxtla Guti\u00e9rrez como su puerta de entrada.<\/p>\n<p>&nbsp;<\/p>\n<p>Asimismo, esta nueva conexi\u00f3n facilitar\u00e1 el intercambio comercial y social entre ambas ciudades, promoviendo el turismo sostenible en la regi\u00f3n y posicionando a Chiapas como un destino clave dentro de la red de rutas nacionales de la aerol\u00ednea.<\/p>\n<p>&nbsp;<\/p>\n<p>Desde su llegada a Tuxtla Guti\u00e9rrez en 2013, Volaris ha transportado a m\u00e1s de 4.1 millones de clientes a trav\u00e9s de sus cuatro rutas nacionales: Ciudad de M\u00e9xico, Guadalajara, Canc\u00fan y Tijuana. Con la incorporaci\u00f3n de Monterrey, suma su quinta conexi\u00f3n desde la capital chiapaneca. A nivel estatal, considerando tambi\u00e9n las operaciones en el Aeropuerto de Tapachula, la aerol\u00ednea ofrece un total de nueve rutas, alcanzando m\u00e1s de 6.1 millones de pasajeros transportados y consolidando una participaci\u00f3n de mercado del 38 por ciento.<\/p>\n<p>&nbsp;<\/p>\n<p>En la conferencia de prensa tambi\u00e9n estuvieron presentes Antonio Noguera Zurita, director general y administrador Aeroportuario; V\u00edctor Manuel Berm\u00fadez Hern\u00e1ndez, director general de la Oficina de Convenciones y Visitantes; y Sismondi Esparza Flores, director del Centro de Convenciones y Polyforum, quienes coincidieron en la importancia de esta nueva ruta para la conectividad y el desarrollo del estado.<\/p>\n<p>&nbsp;<\/p>\n","protected":false},"excerpt":{"rendered":"<p>&nbsp; \u00b7 Se anunci\u00f3 el lanzamiento de su nueva ruta Tuxtla Guti\u00e9rrez\u2013Monterrey, la cual inici\u00f3&#8230;<\/p>\n","protected":false},"author":2,"featured_media":32040,"comment_status":"closed","ping_status":"closed","sticky":false,"template":"","format":"standard","meta":{"_joinchat":[],"footnotes":""},"categories":[18,1,2,3],"tags":[],"class_list":["post-32039","post","type-post","status-publish","format-standard","has-post-thumbnail","hentry","category-almomento","category-boletin","category-estado","category-health"],"_links":{"self":[{"href":"https:\/\/icoinformativo.mx\/home\/index.php?rest_route=\/wp\/v2\/posts\/32039","targetHints":{"allow":["GET"]}}],"collection":[{"href":"https:\/\/icoinformativo.mx\/home\/index.php?rest_route=\/wp\/v2\/posts"}],"about":[{"href":"https:\/\/icoinformativo.mx\/home\/index.php?rest_route=\/wp\/v2\/types\/post"}],"author":[{"embeddable":true,"href":"https:\/\/icoinformativo.mx\/home\/index.php?rest_route=\/wp\/v2\/users\/2"}],"replies":[{"embeddable":true,"href":"https:\/\/icoinformativo.mx\/home\/index.php?rest_route=%2Fwp%2Fv2%2Fcomments&post=32039"}],"version-history":[{"count":1,"href":"https:\/\/icoinformativo.mx\/home\/index.php?rest_route=\/wp\/v2\/posts\/32039\/revisions"}],"predecessor-version":[{"id":32041,"href":"https:\/\/icoinformativo.mx\/home\/index.php?rest_route=\/wp\/v2\/posts\/32039\/revisions\/32041"}],"wp:featuredmedia":[{"embeddable":true,"href":"https:\/\/icoinformativo.mx\/home\/index.php?rest_route=\/wp\/v2\/media\/32040"}],"wp:attachment":[{"href":"https:\/\/icoinformativo.mx\/home\/index.php?rest_route=%2Fwp%2Fv2%2Fmedia&parent=32039"}],"wp:term":[{"taxonomy":"category","embeddable":true,"href":"https:\/\/icoinformativo.mx\/home\/index.php?rest_route=%2Fwp%2Fv2%2Fcategories&post=32039"},{"taxonomy":"post_tag","embeddable":true,"href":"https:\/\/icoinformativo.mx\/home\/index.php?rest_route=%2Fwp%2Fv2%2Ftags&post=32039"}],"curies":[{"name":"wp","href":"https:\/\/api.w.org\/{rel}","templated":true}]}}