{"id":32030,"date":"2025-04-02T02:16:29","date_gmt":"2025-04-02T02:16:29","guid":{"rendered":"https:\/\/icoinformativo.mx\/home\/?p=32030"},"modified":"2025-04-02T02:16:29","modified_gmt":"2025-04-02T02:16:29","slug":"chiapas-esta-preparado-para-recibir-a-vacacionistas-en-semana-santa-2025","status":"publish","type":"post","link":"https:\/\/icoinformativo.mx\/home\/?p=32030","title":{"rendered":"Chiapas est\u00e1 preparado para recibir a vacacionistas en Semana Santa 2025"},"content":{"rendered":"<p>Protecci\u00f3n Civil Chiapas present\u00f3 la Estrategia Interinstitucional de Prevenci\u00f3n y Atenci\u00f3n ante la temporada vacacional<\/p>\n<p>\u00b7 Con la participaci\u00f3n de los tres \u00f3rdenes de gobierno, se instalar\u00e1n 120 M\u00f3dulos de Atenci\u00f3n Prehospitalaria por todo el estado<\/p>\n<p>&nbsp;<\/p>\n<p>Tuxtla Guti\u00e9rrez, Chiapas a 01 de abril de 2025.- En el marco del Sistema Estatal de Protecci\u00f3n Civil, se llev\u00f3 a cabo la 1\u00aa Sesi\u00f3n Ordinaria del Comit\u00e9 Estatal de Emergencias para establecer la coordinaci\u00f3n interinstitucional con acciones de preparaci\u00f3n, prevenci\u00f3n y atenci\u00f3n a la poblaci\u00f3n ante la Temporada Vacacional de Semana Santa 2025.<\/p>\n<p>&nbsp;<\/p>\n<p>En este contexto, la Secretar\u00eda de Protecci\u00f3n Civil del Gobierno de Chiapas present\u00f3 la Estrategia de Prevenci\u00f3n y Atenci\u00f3n ante la temporada vacacional.<\/p>\n<p>&nbsp;<\/p>\n<p>Al respecto, el coordinador de Prevenci\u00f3n y Resiliencia, Valenti Manzo Monjar\u00e1s, en representaci\u00f3n del secretario de Protecci\u00f3n Civil del Gobierno de Chiapas, Mauricio Cordero Rodr\u00edguez, comparti\u00f3 un mensaje de bienvenida y expuso que el objetivo principal es salvaguardar la vida de residentes y visitantes en las vacaciones de Semana Santa 2025, a trav\u00e9s de la coordinaci\u00f3n interinstitucional entre los tres \u00f3rdenes de gobierno y la sociedad, garantizando condiciones \u00f3ptimas y seguras, creando un ambiente propicio y disfrute durante el periodo tal como lo ha instruido el gobernador Eduardo Ram\u00edrez Aguilar.<\/p>\n<p>&nbsp;<\/p>\n<p>\u201cSe avanza en acciones de identificaci\u00f3n y prevenci\u00f3n de riesgos en 80 centros o sitios tur\u00edsticos con mayor afluencia. Se verifica que cuenten con sus Programas Internos de Protecci\u00f3n Civil, Unidades Internas, se promueve capacitaci\u00f3n y simulacros, entre otros\u201d, mencion\u00f3.<\/p>\n<p>&nbsp;<\/p>\n<p>Adem\u00e1s, se lanzar\u00e1 una campa\u00f1a de comunicaci\u00f3n del riesgo en medios de comunicaci\u00f3n y redes sociales, con la finalidad de que las personas tomen actitudes y decisiones informadas; as\u00ed como enfrentar y recuperarse de situaciones cr\u00edticas.<\/p>\n<p>&nbsp;<\/p>\n<p>En coordinaci\u00f3n con los ayuntamientos se instalar\u00e1n 120 M\u00f3dulos de Atenci\u00f3n Prehospitalaria por todo el estado, en los cuales participar\u00e1n delegados de Protecci\u00f3n Civil, personal de Protecci\u00f3n Civil municipal, sector salud (personal m\u00e9dico), polic\u00eda estatal y municipal, Guardia Nacional, personal con equipo contra incendios y salvavidas (donde existan cuerpos de agua).<\/p>\n<p>&nbsp;<\/p>\n<p>Ante la alta incidencia de personas en riesgo de ahogamiento en playas, r\u00edos y arroyos, se implementar\u00e1 el uso de drones en puntos estrat\u00e9gicos, los cuales permitir\u00e1n una vigilancia continua de las zonas m\u00e1s cr\u00edticas, como \u00e1reas cercanas a cuerpos de agua, zonas tur\u00edsticas o \u00e1reas de alto riesgo. Adem\u00e1s, el sistema USAFE\u00ae\ufe0f, un robot acu\u00e1tico teledirigido, ser\u00e1 una<\/p>\n<p>2 \/ 2<\/p>\n<p>herramienta vital para los rescates en el agua, permitiendo un acceso r\u00e1pido y preciso a las personas en peligro y evitar riesgos en el personal.<\/p>\n<p>&nbsp;<\/p>\n<p>En su intervenci\u00f3n, el coordinador de Supervisi\u00f3n y Evaluaci\u00f3n, Octavio Toledo Clausse, enfatiz\u00f3 que los 124 municipios cuentan con sus Programas Especiales de Protecci\u00f3n Civil para la Temporada Vacacional de Semana Santa 2025. Al respecto, los municipios de Tonal\u00e1 y Palenque expusieron sus programas.<\/p>\n<p>&nbsp;<\/p>\n<p>La Comisi\u00f3n Nacional del Agua (Conagua) dio a conocer que para las pr\u00f3ximas semanas se tiene un pron\u00f3stico meteorol\u00f3gico que prev\u00e9 altas temperaturas que oscilar\u00e1n entre los 34 a 43 grados cent\u00edgrados en diversos puntos de la entidad.<\/p>\n<p>&nbsp;<\/p>\n<p>Durante la sesi\u00f3n del Comit\u00e9 se record\u00f3 que la entidad se encuentra en la temporada cr\u00edtica de incendios forestales y quemas de pastizales, por lo que se pide intensificar los recorridos preventivos-disuasivos en zonas con mayor incidencia de incendios y mantener comunicaci\u00f3n con los Centros Regionales de Protecci\u00f3n Civil, Monitoreo de Riesgos y Manejo del Fuego para el combate y liquidaci\u00f3n oportuna de incendios.<\/p>\n<p>&nbsp;<\/p>\n<p>Participaron en la sesi\u00f3n del Comit\u00e9 Estatal de Emergencias: dependencias del Gobierno de Chiapas, as\u00ed como del Gobierno federal y ayuntamientos.<\/p>\n<p>&nbsp;<\/p>\n","protected":false},"excerpt":{"rendered":"<p>Protecci\u00f3n Civil Chiapas present\u00f3 la Estrategia Interinstitucional de Prevenci\u00f3n y Atenci\u00f3n ante la temporada vacacional&#8230;<\/p>\n","protected":false},"author":2,"featured_media":32031,"comment_status":"closed","ping_status":"closed","sticky":false,"template":"","format":"standard","meta":{"_joinchat":[],"footnotes":""},"categories":[18,1,2,3],"tags":[],"class_list":["post-32030","post","type-post","status-publish","format-standard","has-post-thumbnail","hentry","category-almomento","category-boletin","category-estado","category-health"],"_links":{"self":[{"href":"https:\/\/icoinformativo.mx\/home\/index.php?rest_route=\/wp\/v2\/posts\/32030","targetHints":{"allow":["GET"]}}],"collection":[{"href":"https:\/\/icoinformativo.mx\/home\/index.php?rest_route=\/wp\/v2\/posts"}],"about":[{"href":"https:\/\/icoinformativo.mx\/home\/index.php?rest_route=\/wp\/v2\/types\/post"}],"author":[{"embeddable":true,"href":"https:\/\/icoinformativo.mx\/home\/index.php?rest_route=\/wp\/v2\/users\/2"}],"replies":[{"embeddable":true,"href":"https:\/\/icoinformativo.mx\/home\/index.php?rest_route=%2Fwp%2Fv2%2Fcomments&post=32030"}],"version-history":[{"count":1,"href":"https:\/\/icoinformativo.mx\/home\/index.php?rest_route=\/wp\/v2\/posts\/32030\/revisions"}],"predecessor-version":[{"id":32032,"href":"https:\/\/icoinformativo.mx\/home\/index.php?rest_route=\/wp\/v2\/posts\/32030\/revisions\/32032"}],"wp:featuredmedia":[{"embeddable":true,"href":"https:\/\/icoinformativo.mx\/home\/index.php?rest_route=\/wp\/v2\/media\/32031"}],"wp:attachment":[{"href":"https:\/\/icoinformativo.mx\/home\/index.php?rest_route=%2Fwp%2Fv2%2Fmedia&parent=32030"}],"wp:term":[{"taxonomy":"category","embeddable":true,"href":"https:\/\/icoinformativo.mx\/home\/index.php?rest_route=%2Fwp%2Fv2%2Fcategories&post=32030"},{"taxonomy":"post_tag","embeddable":true,"href":"https:\/\/icoinformativo.mx\/home\/index.php?rest_route=%2Fwp%2Fv2%2Ftags&post=32030"}],"curies":[{"name":"wp","href":"https:\/\/api.w.org\/{rel}","templated":true}]}}