{"id":32027,"date":"2025-04-02T02:14:08","date_gmt":"2025-04-02T02:14:08","guid":{"rendered":"https:\/\/icoinformativo.mx\/home\/?p=32027"},"modified":"2025-04-02T02:14:08","modified_gmt":"2025-04-02T02:14:08","slug":"iap-chiapas-y-asociacion-liberales-por-un-mexico-unido-suscriben-convenio-en-materia-de-profesionalizacion","status":"publish","type":"post","link":"https:\/\/icoinformativo.mx\/home\/?p=32027","title":{"rendered":"IAP Chiapas y Asociaci\u00f3n Liberales por un M\u00e9xico Unido suscriben convenio en materia de profesionalizaci\u00f3n"},"content":{"rendered":"<p>&nbsp;<\/p>\n<p>\u00b7 Titular del IAP, Lysette Raquel Lameiro y el presidente de la asociaci\u00f3n, Jos\u00e9 Francisco Cort\u00e9s suman esfuerzos para impulsar el desarrollo acad\u00e9mico y profesional en la comunidad<\/p>\n<p>&nbsp;<\/p>\n<p>Tuxtla Guti\u00e9rrez, Chiapas; 1 de abril de 2025.- La presidenta del Consejo Directivo del Instituto de Administraci\u00f3n P\u00fablica del Estado de Chiapas (IAP), Lysette Raquel Lameiro Camacho, y el presidente de la Asociaci\u00f3n Liberales por un M\u00e9xico Unido, Jos\u00e9 Francisco Cort\u00e9s Molina, suscribieron un convenio de colaboraci\u00f3n en materia de profesionalizaci\u00f3n.<\/p>\n<p>La presidenta del IAP Chiapas destac\u00f3 la importancia de sumar esfuerzos con instituciones civiles organizadas para la construcci\u00f3n de una sociedad m\u00e1s comprometida con la construcci\u00f3n de una Nueva ERA en Chiapas, acorde a la pol\u00edtica humanista que convoca el gobernador Eduardo Ram\u00edrez, de poner a las personas en el centro de las decisiones p\u00fablicas.<\/p>\n<p>Con este convenio, -dijo- se construir\u00e1 un Chiapas m\u00e1s justo, equitativo y pr\u00f3spero donde el bienestar sea una realidad para todas y todos.<\/p>\n<p>Por su parte, el presidente de la Asociaci\u00f3n Liberales por un M\u00e9xico Unido, Jos\u00e9 Francisco Cort\u00e9s Molina, se\u00f1al\u00f3 que con este acuerdo se fortalecer\u00e1 la cooperaci\u00f3n con el IAP Chiapas, impulsando el desarrollo acad\u00e9mico y profesional en la comunidad.<\/p>\n<p>Reafirm\u00f3 el compromiso con la transformaci\u00f3n social, brindando herramientas concretas para la construcci\u00f3n de un futuro m\u00e1s justo y esperanzador para Chiapas, destacando su respaldo al trabajo del IAP que lidera Lysette Lameiro al frente del Instituto.<\/p>\n<p>En la firma de convenio estuvieron presentes el Consejo Directivo del IAP Chiapas e integrantes de la Asociaci\u00f3n Liberales por un M\u00e9xico Unido.<\/p>\n<p>&nbsp;<\/p>\n","protected":false},"excerpt":{"rendered":"<p>&nbsp; \u00b7 Titular del IAP, Lysette Raquel Lameiro y el presidente de la asociaci\u00f3n, Jos\u00e9&#8230;<\/p>\n","protected":false},"author":2,"featured_media":32028,"comment_status":"closed","ping_status":"closed","sticky":false,"template":"","format":"standard","meta":{"_joinchat":[],"footnotes":""},"categories":[18,1,2,3],"tags":[],"class_list":["post-32027","post","type-post","status-publish","format-standard","has-post-thumbnail","hentry","category-almomento","category-boletin","category-estado","category-health"],"_links":{"self":[{"href":"https:\/\/icoinformativo.mx\/home\/index.php?rest_route=\/wp\/v2\/posts\/32027","targetHints":{"allow":["GET"]}}],"collection":[{"href":"https:\/\/icoinformativo.mx\/home\/index.php?rest_route=\/wp\/v2\/posts"}],"about":[{"href":"https:\/\/icoinformativo.mx\/home\/index.php?rest_route=\/wp\/v2\/types\/post"}],"author":[{"embeddable":true,"href":"https:\/\/icoinformativo.mx\/home\/index.php?rest_route=\/wp\/v2\/users\/2"}],"replies":[{"embeddable":true,"href":"https:\/\/icoinformativo.mx\/home\/index.php?rest_route=%2Fwp%2Fv2%2Fcomments&post=32027"}],"version-history":[{"count":1,"href":"https:\/\/icoinformativo.mx\/home\/index.php?rest_route=\/wp\/v2\/posts\/32027\/revisions"}],"predecessor-version":[{"id":32029,"href":"https:\/\/icoinformativo.mx\/home\/index.php?rest_route=\/wp\/v2\/posts\/32027\/revisions\/32029"}],"wp:featuredmedia":[{"embeddable":true,"href":"https:\/\/icoinformativo.mx\/home\/index.php?rest_route=\/wp\/v2\/media\/32028"}],"wp:attachment":[{"href":"https:\/\/icoinformativo.mx\/home\/index.php?rest_route=%2Fwp%2Fv2%2Fmedia&parent=32027"}],"wp:term":[{"taxonomy":"category","embeddable":true,"href":"https:\/\/icoinformativo.mx\/home\/index.php?rest_route=%2Fwp%2Fv2%2Fcategories&post=32027"},{"taxonomy":"post_tag","embeddable":true,"href":"https:\/\/icoinformativo.mx\/home\/index.php?rest_route=%2Fwp%2Fv2%2Ftags&post=32027"}],"curies":[{"name":"wp","href":"https:\/\/api.w.org\/{rel}","templated":true}]}}