{"id":32024,"date":"2025-04-02T02:11:14","date_gmt":"2025-04-02T02:11:14","guid":{"rendered":"https:\/\/icoinformativo.mx\/home\/?p=32024"},"modified":"2025-04-02T02:11:14","modified_gmt":"2025-04-02T02:11:14","slug":"aditech-y-cluster-ti-chiapas-unen-fuerzas-para-impulsar-el-desarrollo-tecnologico-en-la-entidad","status":"publish","type":"post","link":"https:\/\/icoinformativo.mx\/home\/?p=32024","title":{"rendered":"Aditech y Cl\u00faster TI Chiapas unen fuerzas para impulsar el desarrollo tecnol\u00f3gico en la entidad"},"content":{"rendered":"<p>&nbsp;<\/p>\n<p>\u00b7 Este pacto permitir\u00e1 crear programas de formaci\u00f3n y certificaci\u00f3n de alto nivel, as\u00ed como impulsar la transferencia de conocimiento, tecnolog\u00edas de vanguardia, entre otros<\/p>\n<p>&nbsp;<\/p>\n<p>&nbsp;<\/p>\n<p>Tuxtla Guti\u00e9rrez, Chiapas; 1 de abril de 2025.- La Agencia Digital Tecnol\u00f3gica del Estado (Aditech) y el Consejo de la Industria Cl\u00faster TI Chiapas inician una ruta de trabajo conjunto que promete transformar el panorama tecnol\u00f3gico de la entidad, generando oportunidades concretas para profesionales, empresas y comunidades.<\/p>\n<p>&nbsp;<\/p>\n<p>Durante el evento, Jovani Salazar Ruiz, director general de la Aditech, destac\u00f3 que con esta alianza trabajar\u00e1n en estrecha colaboraci\u00f3n, lo que representa la uni\u00f3n de voluntades entre el sector p\u00fablico y la iniciativa privada para transformar a Chiapas en un polo de desarrollo tecnol\u00f3gico con impacto social.<\/p>\n<p>&nbsp;<\/p>\n<p>\u00abHoy no firmamos papeles, firmamos un compromiso con el futuro de Chiapas\u00bb, enfatiz\u00f3 Salazar Ruiz, al tiempo de agregar que este pacto permitir\u00e1 crear programas de formaci\u00f3n y certificaci\u00f3n de alto nivel para profesionales chiapanecos, impulsar la transferencia de conocimiento y tecnolog\u00edas de vanguardia y generar ecosistemas de innovaci\u00f3n con impacto social.<\/p>\n<p>&nbsp;<\/p>\n<p>Por su parte, Carlos Gerardo Fern\u00e1ndez Magall\u00f3n, presidente del Cl\u00faster TI Chiapas, subray\u00f3 que esta colaboraci\u00f3n impulsar\u00e1 proyectos con beneficios directos para la academia, el gobierno y la iniciativa privada, impactando positivamente a las y los profesionales y a la sociedad en general.<\/p>\n<p>&nbsp;<\/p>\n<p>\u00abCon esta firma sentamos las bases del Chiapas digital que todos merecemos. Las iniciativas deben socializarse. Cada actor tiene un rol clave: el gobierno con las pol\u00edticas p\u00fablicas, la academia con el talento, y nosotros generando econom\u00eda. Trabajemos en sinergia para materializar estos proyectos con \u00e9xito\u00bb, apunt\u00f3.<\/p>\n<p>&nbsp;<\/p>\n<p>Los ejes centrales de esta colaboraci\u00f3n estrat\u00e9gica incluyen desarrollo de programas de capacitaci\u00f3n especializada, creaci\u00f3n de laboratorios de innovaci\u00f3n tecnol\u00f3gica, implementaci\u00f3n de proyectos conjuntos con impacto regional y fomento a la inversi\u00f3n en el sector tecnol\u00f3gico local.<\/p>\n<p>&nbsp;<\/p>\n<p>El evento cont\u00f3 con la presencia de Karina Calder\u00f3n Landa, jefa de la Unidad de Apoyo Jur\u00eddico; Silvia Ramos Hern\u00e1ndez, asesora de la Aditech; Alejandro Murua Beltr\u00e1n Arag\u00f3n, director de Innovaci\u00f3n y Desarrollo; Omar Ildelfonso D\u00edaz Molina, asesor de la direcci\u00f3n general; Eli Santos Rodr\u00edguez, encargado de la direcci\u00f3n de Infraestructura Tecnol\u00f3gica;<\/p>\n<p>2 \/ 2<\/p>\n<p>Jorge Luis Pimentel Garc\u00eda, enlace en la direcci\u00f3n de Fortalecimiento Cient\u00edfico y Tecnol\u00f3gico, y Alejandro Calder\u00f3n Castillo, secretario de Cl\u00faster TI Chiapas.<\/p>\n<p>&nbsp;<\/p>\n<p>En un hecho importante para el futuro digital de la entidad, dos instancias sellaron un hist\u00f3rico acuerdo de colaboraci\u00f3n estrat\u00e9gica para trabajar en conjunto, lo que marcar\u00e1 el rumbo de la innovaci\u00f3n, la formaci\u00f3n de talento especializado y el desarrollo tecnol\u00f3gico en la regi\u00f3n.<\/p>\n<p>&nbsp;<\/p>\n","protected":false},"excerpt":{"rendered":"<p>&nbsp; \u00b7 Este pacto permitir\u00e1 crear programas de formaci\u00f3n y certificaci\u00f3n de alto nivel, as\u00ed&#8230;<\/p>\n","protected":false},"author":2,"featured_media":32025,"comment_status":"closed","ping_status":"closed","sticky":false,"template":"","format":"standard","meta":{"_joinchat":[],"footnotes":""},"categories":[18,1,2,3],"tags":[],"class_list":["post-32024","post","type-post","status-publish","format-standard","has-post-thumbnail","hentry","category-almomento","category-boletin","category-estado","category-health"],"_links":{"self":[{"href":"https:\/\/icoinformativo.mx\/home\/index.php?rest_route=\/wp\/v2\/posts\/32024","targetHints":{"allow":["GET"]}}],"collection":[{"href":"https:\/\/icoinformativo.mx\/home\/index.php?rest_route=\/wp\/v2\/posts"}],"about":[{"href":"https:\/\/icoinformativo.mx\/home\/index.php?rest_route=\/wp\/v2\/types\/post"}],"author":[{"embeddable":true,"href":"https:\/\/icoinformativo.mx\/home\/index.php?rest_route=\/wp\/v2\/users\/2"}],"replies":[{"embeddable":true,"href":"https:\/\/icoinformativo.mx\/home\/index.php?rest_route=%2Fwp%2Fv2%2Fcomments&post=32024"}],"version-history":[{"count":1,"href":"https:\/\/icoinformativo.mx\/home\/index.php?rest_route=\/wp\/v2\/posts\/32024\/revisions"}],"predecessor-version":[{"id":32026,"href":"https:\/\/icoinformativo.mx\/home\/index.php?rest_route=\/wp\/v2\/posts\/32024\/revisions\/32026"}],"wp:featuredmedia":[{"embeddable":true,"href":"https:\/\/icoinformativo.mx\/home\/index.php?rest_route=\/wp\/v2\/media\/32025"}],"wp:attachment":[{"href":"https:\/\/icoinformativo.mx\/home\/index.php?rest_route=%2Fwp%2Fv2%2Fmedia&parent=32024"}],"wp:term":[{"taxonomy":"category","embeddable":true,"href":"https:\/\/icoinformativo.mx\/home\/index.php?rest_route=%2Fwp%2Fv2%2Fcategories&post=32024"},{"taxonomy":"post_tag","embeddable":true,"href":"https:\/\/icoinformativo.mx\/home\/index.php?rest_route=%2Fwp%2Fv2%2Ftags&post=32024"}],"curies":[{"name":"wp","href":"https:\/\/api.w.org\/{rel}","templated":true}]}}