{"id":32017,"date":"2025-04-02T02:06:16","date_gmt":"2025-04-02T02:06:16","guid":{"rendered":"https:\/\/icoinformativo.mx\/home\/?p=32017"},"modified":"2025-04-02T02:06:46","modified_gmt":"2025-04-02T02:06:46","slug":"32017","status":"publish","type":"post","link":"https:\/\/icoinformativo.mx\/home\/?p=32017","title":{"rendered":"\u00b7 Firman Roger Mandujano y Karina Montesinos un convenio de colaboraci\u00f3n en escuela primaria del municipio de Acala"},"content":{"rendered":"<p>&nbsp;<\/p>\n<p>Acala, Chiapas.\u2013 El fortalecimiento de la cultura y el cuidado ambiental es un eje fundamental en el gobierno de la Nueva ERA, por ello, la Secretar\u00eda de Educaci\u00f3n del Estado de Chiapas y el Instituto Estatal del Agua (Inesa), a cargo de Roger Mandujano Ayala y Karina Montesinos C\u00e1rdenas, respectivamente, firmaron este martes un convenio de colaboraci\u00f3n que busca crear conciencia sobre la importancia de cuidar y conservar el agua entre la poblaci\u00f3n de escuelas de nivel b\u00e1sico en toda la entidad.<\/p>\n<p>Las acciones se concretar\u00e1n a trav\u00e9s de pl\u00e1ticas, actividades l\u00fadicas y proyectos innovadores que estimulen el aprendizaje y la participaci\u00f3n de ni\u00f1as y ni\u00f1os, y que responde as\u00ed al llamado que hiciera el gobernador Eduardo Ram\u00edrez a todas las instituciones, de actuar con responsabilidad y compromiso para consolidar pol\u00edticas con conciencia ambiental a fin de recuperar y proteger la riqueza natural de Chiapas.<\/p>\n<p>Tras la firma de este convenio, la titular del Inesa refiri\u00f3 ante la comunidad estudiantil de la primaria \u00abEmiliano Zapata Salazar\u00bb del municipio de Acala, que el cuidado del agua es un tema que le preocupa mucho al gobernador Eduardo Ram\u00edrez, detallando enseguida la importancia del vital l\u00edquido en todas las actividades humanas, por lo que les invit\u00f3 a valorarla y cuidarla como los guardianes del agua y como las futuras generaciones que son.<\/p>\n<p>\u201cEn el Inesa estamos comprometidos a sumar esfuerzos con el sector educativo, y por supuesto, a trabajar de la mano con el secretario de Educaci\u00f3n, Roger Mandujano Ayala, quien lleva una batuta muy importante, que es la de sacar del rezago educativo y analfabetismo a nuestro querido Chiapas; y todos le vamos a ayudar desde nuestra trinchera, porque Chiapas Puede\u201d, concluy\u00f3.<\/p>\n<p>Por su parte, el secretario de Educaci\u00f3n, Roger Mandujano Ayala, reiter\u00f3 el trabajo en conjunto que realizar\u00e1n con el Inesa, compartiendo en una amena pl\u00e1tica con las y los estudiantes la relevancia que tiene la protecci\u00f3n de este recurso natural, as\u00ed como la visi\u00f3n del gobernador Eduardo Ram\u00edrez para promover y priorizar obras que garanticen la distribuci\u00f3n equitativa, el saneamiento y la conservaci\u00f3n de los recursos h\u00eddricos, porque el agua, record\u00f3, es un derecho humano fundamental, no solo un recurso.<\/p>\n<p>Explic\u00f3 que junto a estas acciones se invitar\u00e1 a los maestros de Chiapas a participar en una gran jornada de reforestaci\u00f3n, ya que es importante tambi\u00e9n ense\u00f1arle a la ni\u00f1ez y a la juventud chiapaneca la relevancia de esta actividad. \u201cNuestros pueblos ind\u00edgenas tienen la concepci\u00f3n de una vida comunitaria en armon\u00eda con la sagrada madre tierra\u201d, recalc\u00f3.<\/p>\n<p>2 \/ 2<\/p>\n<p>En la Secretar\u00eda de Educaci\u00f3n, -dijo- estamos trabajando en generar esta conciencia del cuidado ambiental porque no se trata solamente de que aprendan conceptos, sino de que los vivan y que lo asuman como parte de su propia existencia\u201d, finaliz\u00f3, al tiempo de invitar a todas y todos a sumarse tambi\u00e9n a esta revoluci\u00f3n de conciencias y al trabajo de un gobernador que no solo va a cuidar el agua, sino que va a reforestar y que va a alfabetizar.<\/p>\n<p>Cabe destacar que, entre las principales actividades establecidas en este acuerdo se encuentran: Aula del Agua Itinerante CH\u2019UL JA (Agua Bendita), espacio educativo itinerante que recorrer\u00e1 diversas escuelas y comunidades para despertar la curiosidad y el inter\u00e9s de los estudiantes por el cuidado del agua.<\/p>\n<p>La estrategia \u201cGuardianes de Jam\u00e4 Ha\u2019 (Guardianes del Alma del Agua)\u201d, que busca Involucrar a toda la comunidad estudiantil mediante acciones que se estructurar\u00e1n en tres ejes fundamentales: Aprendizaje Vivencial, Concursos Creativos y Brigadas Escolares del Agua.<\/p>\n<p>Finalmente, se tiene contemplado el desarrollo de una App Educativa \u00abGotas de Conciencia por Chiapas\u201d; las Alianzas Comunitarias para el Agua; la Certificaci\u00f3n \u00abEscuela Amiga del Agua\u00bb y la Creaci\u00f3n de un Comit\u00e9 de Evaluaci\u00f3n y Diagn\u00f3stico del Saneamiento en Chiapas con la participaci\u00f3n de las universidades p\u00fablicas y privadas del estado de Chiapas.<\/p>\n<p>&nbsp;<\/p>\n","protected":false},"excerpt":{"rendered":"<p>&nbsp; Acala, Chiapas.\u2013 El fortalecimiento de la cultura y el cuidado ambiental es un eje&#8230;<\/p>\n","protected":false},"author":2,"featured_media":32018,"comment_status":"closed","ping_status":"closed","sticky":false,"template":"","format":"standard","meta":{"_joinchat":[],"footnotes":""},"categories":[18,1,2,3],"tags":[],"class_list":["post-32017","post","type-post","status-publish","format-standard","has-post-thumbnail","hentry","category-almomento","category-boletin","category-estado","category-health"],"_links":{"self":[{"href":"https:\/\/icoinformativo.mx\/home\/index.php?rest_route=\/wp\/v2\/posts\/32017","targetHints":{"allow":["GET"]}}],"collection":[{"href":"https:\/\/icoinformativo.mx\/home\/index.php?rest_route=\/wp\/v2\/posts"}],"about":[{"href":"https:\/\/icoinformativo.mx\/home\/index.php?rest_route=\/wp\/v2\/types\/post"}],"author":[{"embeddable":true,"href":"https:\/\/icoinformativo.mx\/home\/index.php?rest_route=\/wp\/v2\/users\/2"}],"replies":[{"embeddable":true,"href":"https:\/\/icoinformativo.mx\/home\/index.php?rest_route=%2Fwp%2Fv2%2Fcomments&post=32017"}],"version-history":[{"count":2,"href":"https:\/\/icoinformativo.mx\/home\/index.php?rest_route=\/wp\/v2\/posts\/32017\/revisions"}],"predecessor-version":[{"id":32020,"href":"https:\/\/icoinformativo.mx\/home\/index.php?rest_route=\/wp\/v2\/posts\/32017\/revisions\/32020"}],"wp:featuredmedia":[{"embeddable":true,"href":"https:\/\/icoinformativo.mx\/home\/index.php?rest_route=\/wp\/v2\/media\/32018"}],"wp:attachment":[{"href":"https:\/\/icoinformativo.mx\/home\/index.php?rest_route=%2Fwp%2Fv2%2Fmedia&parent=32017"}],"wp:term":[{"taxonomy":"category","embeddable":true,"href":"https:\/\/icoinformativo.mx\/home\/index.php?rest_route=%2Fwp%2Fv2%2Fcategories&post=32017"},{"taxonomy":"post_tag","embeddable":true,"href":"https:\/\/icoinformativo.mx\/home\/index.php?rest_route=%2Fwp%2Fv2%2Ftags&post=32017"}],"curies":[{"name":"wp","href":"https:\/\/api.w.org\/{rel}","templated":true}]}}