{"id":32014,"date":"2025-04-02T01:54:33","date_gmt":"2025-04-02T01:54:33","guid":{"rendered":"https:\/\/icoinformativo.mx\/home\/?p=32014"},"modified":"2025-04-02T01:54:33","modified_gmt":"2025-04-02T01:54:33","slug":"firma-de-convenio-interinstitucional-para-garantizar-la-seguridad-de-la-comunidad-educativa-del-cobach","status":"publish","type":"post","link":"https:\/\/icoinformativo.mx\/home\/?p=32014","title":{"rendered":"Firma de convenio interinstitucional para garantizar la seguridad de la comunidad educativa del Cobach"},"content":{"rendered":"<p>&nbsp;<\/p>\n<p>\u00b7 Se impulsan programas para un entorno m\u00e1s seguro, inclusivo y de respeto: Prado de los Santos<\/p>\n<p>&nbsp;<\/p>\n<p>Tuxtla Guti\u00e9rrez, Chiapas; 1 de abril de 2025.- Con el objetivo de garantizar el bienestar y la seguridad de las y los j\u00f3venes cobachenses, el Colegio de Bachilleres de Chiapas (Cobach) firm\u00f3 este martes un convenio de colaboraci\u00f3n interinstitucional con la Fiscal\u00eda General del Estado (FGE), la Secretar\u00eda de Seguridad del Pueblo (SSP) y la Secretar\u00eda de la Mujer e Igualdad de G\u00e9nero del Estado de Chiapas (Semuigen).<\/p>\n<p>Este acuerdo establece la implementaci\u00f3n de programas y l\u00edneas de acci\u00f3n para la prevenci\u00f3n del delito y el impulso de una cultura contra la violencia de g\u00e9nero, que busca sensibilizar a estudiantes y a toda la comunidad educativa sobre la importancia de vivir en un ambiente libre de fen\u00f3menos sociales que atenten contra la integridad, la seguridad y la propia vida de las personas.<\/p>\n<p>El director general del Cobach, Miguel Prado de los Santos, destac\u00f3 que este convenio es un paso fundamental para crear un entorno m\u00e1s seguro, inclusivo y de respeto para las y los estudiantes, en donde se brinden las herramientas necesarias para su desarrollo integral.<\/p>\n<p>En su intervenci\u00f3n, la titular de la Semuigen, Dulce Mar\u00eda Rodr\u00edguez Ovando, resalt\u00f3 el compromiso de garantizar la equidad y la protecci\u00f3n de las j\u00f3venes, procurando acciones contra la violencia y la discriminaci\u00f3n.<\/p>\n<p>Asimismo, el fiscal general del Estado, Jorge Luis Llaven Abarca, subray\u00f3 la importancia de fortalecer la prevenci\u00f3n del delito en los centros educativos, garantizando una respuesta r\u00e1pida y justa en los casos que se requieran.<\/p>\n<p>Por su parte, el secretario de Seguridad del Pueblo, \u00d3scar Aparicio Avenda\u00f1o, reafirm\u00f3 el compromiso institucional de crear condiciones de paz y tranquilidad, mediante el trabajo conjunto con otras instituciones para mantener un entorno seguro en todos los planteles del Cobach.<\/p>\n<p>Con este convenio, el Cobach ratifica su compromiso de proporcionar una educaci\u00f3n de calidad, inclusiva y segura para los j\u00f3venes chiapanecos, a trav\u00e9s de programas interinstitucionales que promuevan la pacificaci\u00f3n de nuestro estado.<\/p>\n<p>&nbsp;<\/p>\n","protected":false},"excerpt":{"rendered":"<p>&nbsp; \u00b7 Se impulsan programas para un entorno m\u00e1s seguro, inclusivo y de respeto: Prado&#8230;<\/p>\n","protected":false},"author":2,"featured_media":32015,"comment_status":"closed","ping_status":"closed","sticky":false,"template":"","format":"standard","meta":{"_joinchat":[],"footnotes":""},"categories":[18,1,2,3],"tags":[],"class_list":["post-32014","post","type-post","status-publish","format-standard","has-post-thumbnail","hentry","category-almomento","category-boletin","category-estado","category-health"],"_links":{"self":[{"href":"https:\/\/icoinformativo.mx\/home\/index.php?rest_route=\/wp\/v2\/posts\/32014","targetHints":{"allow":["GET"]}}],"collection":[{"href":"https:\/\/icoinformativo.mx\/home\/index.php?rest_route=\/wp\/v2\/posts"}],"about":[{"href":"https:\/\/icoinformativo.mx\/home\/index.php?rest_route=\/wp\/v2\/types\/post"}],"author":[{"embeddable":true,"href":"https:\/\/icoinformativo.mx\/home\/index.php?rest_route=\/wp\/v2\/users\/2"}],"replies":[{"embeddable":true,"href":"https:\/\/icoinformativo.mx\/home\/index.php?rest_route=%2Fwp%2Fv2%2Fcomments&post=32014"}],"version-history":[{"count":1,"href":"https:\/\/icoinformativo.mx\/home\/index.php?rest_route=\/wp\/v2\/posts\/32014\/revisions"}],"predecessor-version":[{"id":32016,"href":"https:\/\/icoinformativo.mx\/home\/index.php?rest_route=\/wp\/v2\/posts\/32014\/revisions\/32016"}],"wp:featuredmedia":[{"embeddable":true,"href":"https:\/\/icoinformativo.mx\/home\/index.php?rest_route=\/wp\/v2\/media\/32015"}],"wp:attachment":[{"href":"https:\/\/icoinformativo.mx\/home\/index.php?rest_route=%2Fwp%2Fv2%2Fmedia&parent=32014"}],"wp:term":[{"taxonomy":"category","embeddable":true,"href":"https:\/\/icoinformativo.mx\/home\/index.php?rest_route=%2Fwp%2Fv2%2Fcategories&post=32014"},{"taxonomy":"post_tag","embeddable":true,"href":"https:\/\/icoinformativo.mx\/home\/index.php?rest_route=%2Fwp%2Fv2%2Ftags&post=32014"}],"curies":[{"name":"wp","href":"https:\/\/api.w.org\/{rel}","templated":true}]}}