{"id":32008,"date":"2025-04-02T01:47:07","date_gmt":"2025-04-02T01:47:07","guid":{"rendered":"https:\/\/icoinformativo.mx\/home\/?p=32008"},"modified":"2025-04-02T01:47:07","modified_gmt":"2025-04-02T01:47:07","slug":"eduardo-ramirez-dicta-conferencia-en-el-centro-de-estudios-superiores-navales","status":"publish","type":"post","link":"https:\/\/icoinformativo.mx\/home\/?p=32008","title":{"rendered":"Eduardo Ram\u00edrez dicta conferencia en el Centro de Estudios Superiores Navales"},"content":{"rendered":"<p>&nbsp;<\/p>\n<p>En el Centro de Estudios Superiores Navales (Cesnav), en la Ciudad de M\u00e9xico, el gobernador Eduardo Ram\u00edrez Aguilar dict\u00f3 la conferencia sobre la Estrategia de Paz en Chiapas, dirigida a almirantes, contralmirantes y capitanes de Marina que cursan la Maestr\u00eda en Seguridad Nacional.<\/p>\n<p>&nbsp;<\/p>\n<p>Tras su participaci\u00f3n, el mandatario agradeci\u00f3 la invitaci\u00f3n del director del Cesnav, vicealmirante C.G. DEM. Jos\u00e9 H\u00e9ctor Orozco Tocaven, para compartir las estrategias y pol\u00edticas p\u00fablicas implementadas en Chiapas con el objetivo de garantizar la seguridad y tranquilidad de las familias chiapanecas.<\/p>\n<p>&nbsp;<\/p>\n<p>\u201cEs un alto honor compartir experiencias en esta patri\u00f3tica instituci\u00f3n con las mexicanas y mexicanos que pronto egresar\u00e1n con mayores conocimientos para salvaguardar la paz y la seguridad del pueblo de M\u00e9xico\u201d, expres\u00f3 Ram\u00edrez Aguilar, reiterando su compromiso de seguir trabajando bajo una pol\u00edtica humanista<\/p>\n","protected":false},"excerpt":{"rendered":"<p>&nbsp; En el Centro de Estudios Superiores Navales (Cesnav), en la Ciudad de M\u00e9xico, el&#8230;<\/p>\n","protected":false},"author":2,"featured_media":32009,"comment_status":"closed","ping_status":"closed","sticky":false,"template":"","format":"standard","meta":{"_joinchat":[],"footnotes":""},"categories":[18,1,2,3],"tags":[],"class_list":["post-32008","post","type-post","status-publish","format-standard","has-post-thumbnail","hentry","category-almomento","category-boletin","category-estado","category-health"],"_links":{"self":[{"href":"https:\/\/icoinformativo.mx\/home\/index.php?rest_route=\/wp\/v2\/posts\/32008","targetHints":{"allow":["GET"]}}],"collection":[{"href":"https:\/\/icoinformativo.mx\/home\/index.php?rest_route=\/wp\/v2\/posts"}],"about":[{"href":"https:\/\/icoinformativo.mx\/home\/index.php?rest_route=\/wp\/v2\/types\/post"}],"author":[{"embeddable":true,"href":"https:\/\/icoinformativo.mx\/home\/index.php?rest_route=\/wp\/v2\/users\/2"}],"replies":[{"embeddable":true,"href":"https:\/\/icoinformativo.mx\/home\/index.php?rest_route=%2Fwp%2Fv2%2Fcomments&post=32008"}],"version-history":[{"count":1,"href":"https:\/\/icoinformativo.mx\/home\/index.php?rest_route=\/wp\/v2\/posts\/32008\/revisions"}],"predecessor-version":[{"id":32010,"href":"https:\/\/icoinformativo.mx\/home\/index.php?rest_route=\/wp\/v2\/posts\/32008\/revisions\/32010"}],"wp:featuredmedia":[{"embeddable":true,"href":"https:\/\/icoinformativo.mx\/home\/index.php?rest_route=\/wp\/v2\/media\/32009"}],"wp:attachment":[{"href":"https:\/\/icoinformativo.mx\/home\/index.php?rest_route=%2Fwp%2Fv2%2Fmedia&parent=32008"}],"wp:term":[{"taxonomy":"category","embeddable":true,"href":"https:\/\/icoinformativo.mx\/home\/index.php?rest_route=%2Fwp%2Fv2%2Fcategories&post=32008"},{"taxonomy":"post_tag","embeddable":true,"href":"https:\/\/icoinformativo.mx\/home\/index.php?rest_route=%2Fwp%2Fv2%2Ftags&post=32008"}],"curies":[{"name":"wp","href":"https:\/\/api.w.org\/{rel}","templated":true}]}}