{"id":32004,"date":"2025-04-01T03:42:29","date_gmt":"2025-04-01T03:42:29","guid":{"rendered":"https:\/\/icoinformativo.mx\/home\/?p=32004"},"modified":"2025-04-01T03:42:29","modified_gmt":"2025-04-01T03:42:29","slug":"encuentros-deportivos-un-espacio-de-disciplina-y-sana-convivencia-para-chilon","status":"publish","type":"post","link":"https:\/\/icoinformativo.mx\/home\/?p=32004","title":{"rendered":"Encuentros deportivos, un espacio de disciplina y sana convivencia para Chil\u00f3n"},"content":{"rendered":"<p>&nbsp;<\/p>\n<p>En representaci\u00f3n del Prof. Mario Hern\u00e1ndez Aguilar, presidente de Chil\u00f3n, el primer regidor Jos\u00e9 Armando Balam Pech asisti\u00f3 al encuentro deportivo entre secundarias t\u00e9cnicas de la zona 08, celebrado en las instalaciones de la Escuela Secundaria T\u00e9cnica No. 63 de Bachaj\u00f3n. Este evento cont\u00f3 con la participaci\u00f3n de instituciones educativas de los municipios de Chil\u00f3n, Sabanilla, Sital\u00e1, Tumbal\u00e1, Yajal\u00f3n, Petalcingo y como anfitri\u00f3n, Bachaj\u00f3n.<\/p>\n<p>&nbsp;<\/p>\n<p>La jornada tuvo como objetivo fortalecer los lazos de hermandad entre j\u00f3venes estudiantes a trav\u00e9s de la sana competencia, destacando el deporte como una herramienta de formaci\u00f3n integral. El gobierno municipal de Chil\u00f3n, encabezado por el Prof. Mario Hern\u00e1ndez Aguilar, reafirma su compromiso con la educaci\u00f3n y el desarrollo f\u00edsico y emocional de las juventudes.<\/p>\n<p>&nbsp;<\/p>\n<p>Durante su intervenci\u00f3n, Jos\u00e9 Armando Balam Pech comparti\u00f3 el mensaje del presidente, subrayando que el deporte es un espacio donde se cultiva la disciplina, la constancia y el respeto, valores fundamentales para una convivencia arm\u00f3nica. Con este tipo de actividades, el Ayuntamiento promueve entornos de paz y formaci\u00f3n ciudadana.<\/p>\n<p>&nbsp;<\/p>\n<p>#Chil\u00f3nSomosTodos<\/p>\n","protected":false},"excerpt":{"rendered":"<p>&nbsp; En representaci\u00f3n del Prof. Mario Hern\u00e1ndez Aguilar, presidente de Chil\u00f3n, el primer regidor Jos\u00e9&#8230;<\/p>\n","protected":false},"author":2,"featured_media":32005,"comment_status":"closed","ping_status":"closed","sticky":false,"template":"","format":"standard","meta":{"_joinchat":[],"footnotes":""},"categories":[18,1,2,3],"tags":[],"class_list":["post-32004","post","type-post","status-publish","format-standard","has-post-thumbnail","hentry","category-almomento","category-boletin","category-estado","category-health"],"_links":{"self":[{"href":"https:\/\/icoinformativo.mx\/home\/index.php?rest_route=\/wp\/v2\/posts\/32004","targetHints":{"allow":["GET"]}}],"collection":[{"href":"https:\/\/icoinformativo.mx\/home\/index.php?rest_route=\/wp\/v2\/posts"}],"about":[{"href":"https:\/\/icoinformativo.mx\/home\/index.php?rest_route=\/wp\/v2\/types\/post"}],"author":[{"embeddable":true,"href":"https:\/\/icoinformativo.mx\/home\/index.php?rest_route=\/wp\/v2\/users\/2"}],"replies":[{"embeddable":true,"href":"https:\/\/icoinformativo.mx\/home\/index.php?rest_route=%2Fwp%2Fv2%2Fcomments&post=32004"}],"version-history":[{"count":1,"href":"https:\/\/icoinformativo.mx\/home\/index.php?rest_route=\/wp\/v2\/posts\/32004\/revisions"}],"predecessor-version":[{"id":32006,"href":"https:\/\/icoinformativo.mx\/home\/index.php?rest_route=\/wp\/v2\/posts\/32004\/revisions\/32006"}],"wp:featuredmedia":[{"embeddable":true,"href":"https:\/\/icoinformativo.mx\/home\/index.php?rest_route=\/wp\/v2\/media\/32005"}],"wp:attachment":[{"href":"https:\/\/icoinformativo.mx\/home\/index.php?rest_route=%2Fwp%2Fv2%2Fmedia&parent=32004"}],"wp:term":[{"taxonomy":"category","embeddable":true,"href":"https:\/\/icoinformativo.mx\/home\/index.php?rest_route=%2Fwp%2Fv2%2Fcategories&post=32004"},{"taxonomy":"post_tag","embeddable":true,"href":"https:\/\/icoinformativo.mx\/home\/index.php?rest_route=%2Fwp%2Fv2%2Ftags&post=32004"}],"curies":[{"name":"wp","href":"https:\/\/api.w.org\/{rel}","templated":true}]}}