{"id":32001,"date":"2025-04-01T03:33:58","date_gmt":"2025-04-01T03:33:58","guid":{"rendered":"https:\/\/icoinformativo.mx\/home\/?p=32001"},"modified":"2025-04-01T03:33:58","modified_gmt":"2025-04-01T03:33:58","slug":"nuestra-meta-es-alfabetizar-a-200-mil-personas-este-2025-eduardo-ramirez","status":"publish","type":"post","link":"https:\/\/icoinformativo.mx\/home\/?p=32001","title":{"rendered":"Nuestra meta es alfabetizar a 200 mil personas este 2025: Eduardo Ram\u00edrez*"},"content":{"rendered":"<p>&nbsp;<\/p>\n<p>Al reunirse con integrantes del Gabinete de Educaci\u00f3n, el gobernador Eduardo Ram\u00edrez Aguilar hizo un llamado a redoblar esfuerzos para avanzar en la estrategia de alfabetizaci\u00f3n y alcanzar la meta de que, tan solo este a\u00f1o, 200 mil personas aprendan a leer y escribir. El objetivo, asegur\u00f3, es dejar el legado social de que, al final de su administraci\u00f3n, m\u00e1s de un mill\u00f3n de chiapanecas y chiapanecos hayan superado el analfabetismo.<\/p>\n<p>&nbsp;<\/p>\n<p>\u201cM\u00e1s all\u00e1 de las cifras, valoro lo que estamos logrando, pero nuestra meta m\u00ednima debe ser 200 mil personas alfabetizadas este a\u00f1o; en el segundo a\u00f1o sumaremos 200 mil m\u00e1s y, para el tercero, debemos haber cubierto todo Chiapas. Nadie debe quedarse sin la oportunidad de aprender a leer y escribir, porque privar a alguien de ese derecho es, para nosotros, un crimen humano\u201d, expres\u00f3 el mandatario.<\/p>\n<p>&nbsp;<\/p>\n<p>Ram\u00edrez Aguilar destac\u00f3 que su gobierno est\u00e1 basado en cuatro ejes fundamentales: seguridad, alfabetizaci\u00f3n, medio ambiente y salud, sin descuidar otras \u00e1reas de desarrollo. En este sentido, subray\u00f3 la importancia de mantener reuniones constantes para evaluar los avances y asegurar que la estrategia de alfabetizaci\u00f3n llegue a todos los rincones del estado.<\/p>\n<p>&nbsp;<\/p>\n<p>El gobernador enfatiz\u00f3 que estas acciones forman parte del compromiso social y humanista de su administraci\u00f3n, con el prop\u00f3sito de dotar a las y los chiapanecos de herramientas que les permitan tomar mejores decisiones y mejorar su calidad de vida a trav\u00e9s de la educaci\u00f3n.<\/p>\n<p>&nbsp;<\/p>\n<p>Por su parte, el secretario de Educaci\u00f3n, Roger Mandujano Ayala, detall\u00f3 el trabajo log\u00edstico, organizativo, material y humano dentro del programa Chiapas Puede, y confirm\u00f3 que las jornadas de alfabetizaci\u00f3n iniciar\u00e1n este mes de abril. \u201cEsta acci\u00f3n es un acto de justicia humana, pues detr\u00e1s de cada persona que aprende a leer y escribir, hay una historia de abandono y sacrificio\u201d, se\u00f1al\u00f3.<\/p>\n<p>&nbsp;<\/p>\n<p>A su vez, el director general del Instituto Chiapaneco de Educaci\u00f3n para J\u00f3venes y Adultos (Icheja), Sergio David Molina G\u00f3mez, resalt\u00f3 que Chiapas se ha posicionado como un referente nacional en materia de alfabetizaci\u00f3n, gracias a los avances impulsados por la actual administraci\u00f3n estatal. Asimismo, agradeci\u00f3 al gobernador su respaldo para fortalecer estas tareas.<\/p>\n<p>&nbsp;<\/p>\n<p>Cabe mencionar que el programa Chiapas Puede, en el que participan 17 dependencias gubernamentales y los 124 ayuntamientos, se sustenta en cuatro pilares de las pedagog\u00edas de la Nueva ERA: Buen vivir, Buen aprendizaje, Respeto y lealtad, y Responsabilidad hacia los semejantes.<\/p>\n","protected":false},"excerpt":{"rendered":"<p>&nbsp; Al reunirse con integrantes del Gabinete de Educaci\u00f3n, el gobernador Eduardo Ram\u00edrez Aguilar hizo&#8230;<\/p>\n","protected":false},"author":2,"featured_media":32002,"comment_status":"closed","ping_status":"closed","sticky":false,"template":"","format":"standard","meta":{"_joinchat":[],"footnotes":""},"categories":[18,1,2,3],"tags":[],"class_list":["post-32001","post","type-post","status-publish","format-standard","has-post-thumbnail","hentry","category-almomento","category-boletin","category-estado","category-health"],"_links":{"self":[{"href":"https:\/\/icoinformativo.mx\/home\/index.php?rest_route=\/wp\/v2\/posts\/32001","targetHints":{"allow":["GET"]}}],"collection":[{"href":"https:\/\/icoinformativo.mx\/home\/index.php?rest_route=\/wp\/v2\/posts"}],"about":[{"href":"https:\/\/icoinformativo.mx\/home\/index.php?rest_route=\/wp\/v2\/types\/post"}],"author":[{"embeddable":true,"href":"https:\/\/icoinformativo.mx\/home\/index.php?rest_route=\/wp\/v2\/users\/2"}],"replies":[{"embeddable":true,"href":"https:\/\/icoinformativo.mx\/home\/index.php?rest_route=%2Fwp%2Fv2%2Fcomments&post=32001"}],"version-history":[{"count":1,"href":"https:\/\/icoinformativo.mx\/home\/index.php?rest_route=\/wp\/v2\/posts\/32001\/revisions"}],"predecessor-version":[{"id":32003,"href":"https:\/\/icoinformativo.mx\/home\/index.php?rest_route=\/wp\/v2\/posts\/32001\/revisions\/32003"}],"wp:featuredmedia":[{"embeddable":true,"href":"https:\/\/icoinformativo.mx\/home\/index.php?rest_route=\/wp\/v2\/media\/32002"}],"wp:attachment":[{"href":"https:\/\/icoinformativo.mx\/home\/index.php?rest_route=%2Fwp%2Fv2%2Fmedia&parent=32001"}],"wp:term":[{"taxonomy":"category","embeddable":true,"href":"https:\/\/icoinformativo.mx\/home\/index.php?rest_route=%2Fwp%2Fv2%2Fcategories&post=32001"},{"taxonomy":"post_tag","embeddable":true,"href":"https:\/\/icoinformativo.mx\/home\/index.php?rest_route=%2Fwp%2Fv2%2Ftags&post=32001"}],"curies":[{"name":"wp","href":"https:\/\/api.w.org\/{rel}","templated":true}]}}