{"id":31998,"date":"2025-04-01T03:31:45","date_gmt":"2025-04-01T03:31:45","guid":{"rendered":"https:\/\/icoinformativo.mx\/home\/?p=31998"},"modified":"2025-04-01T03:31:45","modified_gmt":"2025-04-01T03:31:45","slug":"alcalde-solosuchiapa-asiste-a-la-conmemoracion-del-43-aniversario-de-la-erupcion-del-volcan-chichonal","status":"publish","type":"post","link":"https:\/\/icoinformativo.mx\/home\/?p=31998","title":{"rendered":"Alcalde Solosuchiapa asiste a la conmemoraci\u00f3n del 43 aniversario de la erupci\u00f3n del volc\u00e1n Chichonal"},"content":{"rendered":"<p>Se llev\u00f3 a cabo el conservatorio conmemorativo por el 43\u00b0 aniversario de la eruci\u00f3n del Volc\u00e1n Chich\u00f3n, un evento que marc\u00f3 la historia de nuestra regi\u00f3n.<\/p>\n<p>&nbsp;<\/p>\n<p>Durante la actividad, el presidente municipal el Ing Fernando Aparicio G\u00f3mez , estuvo acompa\u00f1ado por el Lic. Amancio Lucas, presidente Municipal de Chapultenango, y el Lic. Mauricio Cordero, Secretario de Protecci\u00f3n Civil , quien estuvo resaltando la importancia de la prevenci\u00f3n y preparaci\u00f3n ante fen\u00f3menos naturales. Asimismo, se record\u00f3 a las v\u00edctimas y se reflexion\u00f3 sobre las lecciones aprendidas para fortalecer la cultura de la protecci\u00f3n civil en los municipios de nuestro estado.<\/p>\n<p>&nbsp;<\/p>\n<p>#queorgullosershuleco<\/p>\n","protected":false},"excerpt":{"rendered":"<p>Se llev\u00f3 a cabo el conservatorio conmemorativo por el 43\u00b0 aniversario de la eruci\u00f3n del&#8230;<\/p>\n","protected":false},"author":2,"featured_media":31999,"comment_status":"closed","ping_status":"closed","sticky":false,"template":"","format":"standard","meta":{"_joinchat":[],"footnotes":""},"categories":[18,1,2,3],"tags":[],"class_list":["post-31998","post","type-post","status-publish","format-standard","has-post-thumbnail","hentry","category-almomento","category-boletin","category-estado","category-health"],"_links":{"self":[{"href":"https:\/\/icoinformativo.mx\/home\/index.php?rest_route=\/wp\/v2\/posts\/31998","targetHints":{"allow":["GET"]}}],"collection":[{"href":"https:\/\/icoinformativo.mx\/home\/index.php?rest_route=\/wp\/v2\/posts"}],"about":[{"href":"https:\/\/icoinformativo.mx\/home\/index.php?rest_route=\/wp\/v2\/types\/post"}],"author":[{"embeddable":true,"href":"https:\/\/icoinformativo.mx\/home\/index.php?rest_route=\/wp\/v2\/users\/2"}],"replies":[{"embeddable":true,"href":"https:\/\/icoinformativo.mx\/home\/index.php?rest_route=%2Fwp%2Fv2%2Fcomments&post=31998"}],"version-history":[{"count":1,"href":"https:\/\/icoinformativo.mx\/home\/index.php?rest_route=\/wp\/v2\/posts\/31998\/revisions"}],"predecessor-version":[{"id":32000,"href":"https:\/\/icoinformativo.mx\/home\/index.php?rest_route=\/wp\/v2\/posts\/31998\/revisions\/32000"}],"wp:featuredmedia":[{"embeddable":true,"href":"https:\/\/icoinformativo.mx\/home\/index.php?rest_route=\/wp\/v2\/media\/31999"}],"wp:attachment":[{"href":"https:\/\/icoinformativo.mx\/home\/index.php?rest_route=%2Fwp%2Fv2%2Fmedia&parent=31998"}],"wp:term":[{"taxonomy":"category","embeddable":true,"href":"https:\/\/icoinformativo.mx\/home\/index.php?rest_route=%2Fwp%2Fv2%2Fcategories&post=31998"},{"taxonomy":"post_tag","embeddable":true,"href":"https:\/\/icoinformativo.mx\/home\/index.php?rest_route=%2Fwp%2Fv2%2Ftags&post=31998"}],"curies":[{"name":"wp","href":"https:\/\/api.w.org\/{rel}","templated":true}]}}