{"id":31961,"date":"2025-03-29T03:36:22","date_gmt":"2025-03-29T03:36:22","guid":{"rendered":"https:\/\/icoinformativo.mx\/home\/?p=31961"},"modified":"2025-03-29T03:36:22","modified_gmt":"2025-03-29T03:36:22","slug":"recibe-presidenta-de-mexico-a-la-secretaria-de-seguridad-nacional-de-los-estados-unidos","status":"publish","type":"post","link":"https:\/\/icoinformativo.mx\/home\/?p=31961","title":{"rendered":"Recibe presidenta de M\u00e9xico a la secretaria de Seguridad Nacional de los Estados Unidos"},"content":{"rendered":"<p>&nbsp;<\/p>\n<p>En el marco del di\u00e1logo continuo entre M\u00e9xico y Estados Unidos, la presidenta Claudia Sheinbaum Pardo recibi\u00f3 en Palacio Nacional a la secretaria de Seguridad Nacional de Estados Unidos, Kristi Noem.<\/p>\n<p>Ambas delegaciones conversaron sobre los avances en la cooperaci\u00f3n binacional en materia de migraci\u00f3n y de seguridad, sobre los principios de responsabilidad compartida, confianza mutua, respeto a la soberan\u00eda, coordinaci\u00f3n sin subordinaci\u00f3n y respeto a los derechos humanos.<\/p>\n<p>La presidenta Sheinbaum destac\u00f3 las aportaciones de las y los millones de mexicanos que viven en Estados Unidos.<\/p>\n<p>Por su parte, la secretaria reafirm\u00f3 que Estados Unidos respeta la soberan\u00eda de M\u00e9xico.<\/p>\n<p>Despu\u00e9s del encuentro, el secretario de Relaciones Exteriores de M\u00e9xico, Juan Ram\u00f3n de la fuente, y la secretaria Kristi Noem, ratificaron la vigencia del memor\u00e1ndum de entendimiento para facilitar la celebraci\u00f3n de enlaces en sus respectivas instalaciones de gesti\u00f3n de riesgos y selecci\u00f3n de objetivos, firmado el 19 de julio de 2022 entre la Agencia Nacional de Aduanas de M\u00e9xico y la Agencia de Aduanas de M\u00e9xico y Aduanas y Protecci\u00f3n de la Frontera de Estados Unidos.<\/p>\n<p>La presidenta Sheinbaum estuvo acompa\u00f1ada por el secretario de Relaciones Exteriores, Juan Ram\u00f3n de la Fuente; la secretaria de Gobernaci\u00f3n, Rosa Icela Rodr\u00edguez Vel\u00e1zquez; el secretario de Seguridad y Protecci\u00f3n Ciudadana, Omar Garc\u00eda Harfuch; el subsecretario de Derechos Humanos, Poblaci\u00f3n y Migraci\u00f3n de la Secretar\u00eda de Gobernaci\u00f3n, F\u00e9lix Arturo Medina Padilla; el subsecretario de Seguridad P\u00fablica, H\u00e9ctor Elizalde Mora; el jefe de Unidad para Am\u00e9rica del Norte de la Secretar\u00eda de Relaciones Exteriores, Roberto Velasco \u00c1lvarez; el comisionado del Instituto Nacional de Migraci\u00f3n, Francisco Gardu\u00f1o Y\u00e1\u00f1ez; y el director general de dicha instituci\u00f3n, Sergio Salom\u00f3n C\u00e9spedes.<\/p>\n<p>Por parte del gobierno estadounidense asistieron: el asesor del Departamento de Seguridad Nacional, Corey Lewandowski; el encargado de Negocios a.i. de la embajada, Mark C. Johnson; el jefe de Oficina del Departamento de Seguridad Nacional, Steven Mu\u00f1oz; la subdirectora del Servicio de Inmigraci\u00f3n y Control de Aduanas, Madison Sheahan; y el agregado del Departamento de Seguridad Nacional en la embajada, Bobby Garc\u00eda.<\/p>\n","protected":false},"excerpt":{"rendered":"<p>&nbsp; En el marco del di\u00e1logo continuo entre M\u00e9xico y Estados Unidos, la presidenta Claudia&#8230;<\/p>\n","protected":false},"author":2,"featured_media":31962,"comment_status":"closed","ping_status":"closed","sticky":false,"template":"","format":"standard","meta":{"_joinchat":[],"footnotes":""},"categories":[18,1,2,3],"tags":[],"class_list":["post-31961","post","type-post","status-publish","format-standard","has-post-thumbnail","hentry","category-almomento","category-boletin","category-estado","category-health"],"_links":{"self":[{"href":"https:\/\/icoinformativo.mx\/home\/index.php?rest_route=\/wp\/v2\/posts\/31961","targetHints":{"allow":["GET"]}}],"collection":[{"href":"https:\/\/icoinformativo.mx\/home\/index.php?rest_route=\/wp\/v2\/posts"}],"about":[{"href":"https:\/\/icoinformativo.mx\/home\/index.php?rest_route=\/wp\/v2\/types\/post"}],"author":[{"embeddable":true,"href":"https:\/\/icoinformativo.mx\/home\/index.php?rest_route=\/wp\/v2\/users\/2"}],"replies":[{"embeddable":true,"href":"https:\/\/icoinformativo.mx\/home\/index.php?rest_route=%2Fwp%2Fv2%2Fcomments&post=31961"}],"version-history":[{"count":1,"href":"https:\/\/icoinformativo.mx\/home\/index.php?rest_route=\/wp\/v2\/posts\/31961\/revisions"}],"predecessor-version":[{"id":31963,"href":"https:\/\/icoinformativo.mx\/home\/index.php?rest_route=\/wp\/v2\/posts\/31961\/revisions\/31963"}],"wp:featuredmedia":[{"embeddable":true,"href":"https:\/\/icoinformativo.mx\/home\/index.php?rest_route=\/wp\/v2\/media\/31962"}],"wp:attachment":[{"href":"https:\/\/icoinformativo.mx\/home\/index.php?rest_route=%2Fwp%2Fv2%2Fmedia&parent=31961"}],"wp:term":[{"taxonomy":"category","embeddable":true,"href":"https:\/\/icoinformativo.mx\/home\/index.php?rest_route=%2Fwp%2Fv2%2Fcategories&post=31961"},{"taxonomy":"post_tag","embeddable":true,"href":"https:\/\/icoinformativo.mx\/home\/index.php?rest_route=%2Fwp%2Fv2%2Ftags&post=31961"}],"curies":[{"name":"wp","href":"https:\/\/api.w.org\/{rel}","templated":true}]}}