{"id":31942,"date":"2025-03-27T03:13:42","date_gmt":"2025-03-27T03:13:42","guid":{"rendered":"https:\/\/icoinformativo.mx\/home\/?p=31942"},"modified":"2025-03-27T03:13:42","modified_gmt":"2025-03-27T03:13:42","slug":"comite-organizador-afina-detalles-para-implementar-el-plan-de-seguridad-del-macro-regional-de-basquetbol","status":"publish","type":"post","link":"https:\/\/icoinformativo.mx\/home\/?p=31942","title":{"rendered":"Comit\u00e9 organizador afina detalles para implementar el plan de seguridad del Macro Regional de B\u00e1squetbol"},"content":{"rendered":"<p>&nbsp;<\/p>\n<p>\u00b7 El director del Indeporte, se reuni\u00f3 con el titular del Indetux e integrantes de Protecci\u00f3n Civil, Seguridad y Vialidad Municipal<\/p>\n<p>El comit\u00e9 organizador del Macro Regional de B\u00e1squetbol, encabezado por el director del Instituto del Deporte (Indeporte), Adona\u00ed S\u00e1nchez Osorio, acompa\u00f1ado del titular del Instituto del Deporte Tuxtleco (Indetux), Maximiliano Garc\u00eda Betanzos e integrantes de Protecci\u00f3n Civil, Seguridad y Vialidad se reuni\u00f3 para implementar el plan de seguridad durante el evento en esta capital.<\/p>\n<p>En dicha reuni\u00f3n de trabajo, que se realiz\u00f3 este mi\u00e9rcoles en la sala de juntas del Indeporte, se analiz\u00f3 la estrategia de seguridad, vialidad y servicios m\u00e9dicos para las sedes como el Parque Deportivo y Recreativo Ca\u00f1ahueca, el Auditorio Municipal \u201cProf. Efra\u00edn Fern\u00e1ndez Castillejos\u201d, Colegio de Bachilleres de Chiapas (Cobach) plantel 13 y Auditorio \u201cHumanismo que Transforma\u201d del Indeporte.<\/p>\n<p>S\u00e1nchez Osorio se\u00f1al\u00f3 que estas acciones se realizan con la finalidad de proporcionar un evento organizado, seguro y con atenci\u00f3n de calidad para todas y todos los atletas y entrenadores de las delegaciones participantes del Macro Regional de B\u00e1squetbol, mismo que se desarrollar\u00e1 del 27 al 30 de marzo, donde se tendr\u00e1 la presencia de m\u00e1s de mil 100 participantes.<\/p>\n<p>Agreg\u00f3 que participar\u00e1n 12 delegaciones deportivas provenientes de Campeche, Quintana Roo, Tabasco, Hidalgo, Tlaxcala, Oaxaca, Veracruz, Puebla y Yucat\u00e1n, as\u00ed como del Instituto Mexicano del Seguro Social (IMSS) y la Universidad Nacional Aut\u00f3noma de M\u00e9xico (UNAM), teniendo como anfitri\u00f3n a Chiapas, en las categor\u00edas 15-16 a\u00f1os y 17-18 a\u00f1os en la rama varonil y femenil.<\/p>\n","protected":false},"excerpt":{"rendered":"<p>&nbsp; \u00b7 El director del Indeporte, se reuni\u00f3 con el titular del Indetux e integrantes&#8230;<\/p>\n","protected":false},"author":2,"featured_media":31943,"comment_status":"closed","ping_status":"closed","sticky":false,"template":"","format":"standard","meta":{"_joinchat":[],"footnotes":""},"categories":[1],"tags":[],"class_list":["post-31942","post","type-post","status-publish","format-standard","has-post-thumbnail","hentry","category-boletin"],"_links":{"self":[{"href":"https:\/\/icoinformativo.mx\/home\/index.php?rest_route=\/wp\/v2\/posts\/31942","targetHints":{"allow":["GET"]}}],"collection":[{"href":"https:\/\/icoinformativo.mx\/home\/index.php?rest_route=\/wp\/v2\/posts"}],"about":[{"href":"https:\/\/icoinformativo.mx\/home\/index.php?rest_route=\/wp\/v2\/types\/post"}],"author":[{"embeddable":true,"href":"https:\/\/icoinformativo.mx\/home\/index.php?rest_route=\/wp\/v2\/users\/2"}],"replies":[{"embeddable":true,"href":"https:\/\/icoinformativo.mx\/home\/index.php?rest_route=%2Fwp%2Fv2%2Fcomments&post=31942"}],"version-history":[{"count":1,"href":"https:\/\/icoinformativo.mx\/home\/index.php?rest_route=\/wp\/v2\/posts\/31942\/revisions"}],"predecessor-version":[{"id":31944,"href":"https:\/\/icoinformativo.mx\/home\/index.php?rest_route=\/wp\/v2\/posts\/31942\/revisions\/31944"}],"wp:featuredmedia":[{"embeddable":true,"href":"https:\/\/icoinformativo.mx\/home\/index.php?rest_route=\/wp\/v2\/media\/31943"}],"wp:attachment":[{"href":"https:\/\/icoinformativo.mx\/home\/index.php?rest_route=%2Fwp%2Fv2%2Fmedia&parent=31942"}],"wp:term":[{"taxonomy":"category","embeddable":true,"href":"https:\/\/icoinformativo.mx\/home\/index.php?rest_route=%2Fwp%2Fv2%2Fcategories&post=31942"},{"taxonomy":"post_tag","embeddable":true,"href":"https:\/\/icoinformativo.mx\/home\/index.php?rest_route=%2Fwp%2Fv2%2Ftags&post=31942"}],"curies":[{"name":"wp","href":"https:\/\/api.w.org\/{rel}","templated":true}]}}