{"id":31933,"date":"2025-03-27T02:52:38","date_gmt":"2025-03-27T02:52:38","guid":{"rendered":"https:\/\/icoinformativo.mx\/home\/?p=31933"},"modified":"2025-03-27T02:52:38","modified_gmt":"2025-03-27T02:52:38","slug":"icheja-y-semuigen-firman-convenio-para-fortalecer-la-educacion-y-la-equidad","status":"publish","type":"post","link":"https:\/\/icoinformativo.mx\/home\/?p=31933","title":{"rendered":"Icheja y Semuigen firman convenio para fortalecer la educaci\u00f3n y la equidad"},"content":{"rendered":"<p>&nbsp;<\/p>\n<p>\u2022 Se instal\u00f3 la Unidad de Enlace de Igualdad de G\u00e9nero del Icheja<\/p>\n<p>&nbsp;<\/p>\n<p>Tuxtla Guti\u00e9rrez, Chiapas.- Con el objetivo de impulsar la educaci\u00f3n y promover la igualdad de oportunidades, el Instituto Chiapaneco de Educaci\u00f3n para J\u00f3venes y Adultos (Icheja) y la Secretar\u00eda de la Mujer e Igualdad de G\u00e9nero (Semuigen) firmaron un convenio de colaboraci\u00f3n interinstitucional.<\/p>\n<p>&nbsp;<\/p>\n<p>Este convenio tiene como finalidad establecer acciones conjuntas que permitan garantizar el acceso a la educaci\u00f3n a mujeres en situaci\u00f3n de vulnerabilidad, as\u00ed como fortalecer programas que fomenten la inclusi\u00f3n y el respeto a los derechos humanos. A trav\u00e9s de esta alianza, se busca reducir la brecha educativa y de g\u00e9nero, promoviendo una sociedad m\u00e1s justa y equitativa.<\/p>\n<p>&nbsp;<\/p>\n<p>Cabe destacar que en este evento se llev\u00f3 a cabo la instalaci\u00f3n de la Unidad de Enlace de Igualdad de G\u00e9nero del Icheja, tomando protesta Maritza Montserrat Robles Zavaleta como titular; Cecilia S\u00e1nchez Galindo, como responsable de Institucionalizaci\u00f3n, Gesti\u00f3n P\u00fablica y Cultura Institucional; y Florentino G\u00f3mez, como responsable de Presupuestos P\u00fablicos, Estad\u00edstica, Monitoreo y Evaluaci\u00f3n, a fin de reafirmar el compromiso de ambas instituciones con la equidad y el empoderamiento de las mujeres.<\/p>\n<p>&nbsp;<\/p>\n<p>Despu\u00e9s de asumir el cargo como titular de la Unidad de Enlace de Igualdad de G\u00e9nero, Maritza Montserrat Robles Zavaleta agradeci\u00f3 la confianza para coordinar los trabajos. Asimismo, reafirm\u00f3 su compromiso para trabajar en conjunto para dise\u00f1ar estrategias y mecanismos que permitan generar acciones concretas en beneficio de todas las mujeres que forman parte de la familia Icheja.<\/p>\n<p>&nbsp;<\/p>\n<p>Por su parte, Dulce Mar\u00eda Rodr\u00edguez Ovando, titular de Semuigen, expres\u00f3 su benepl\u00e1cito por el inter\u00e9s del Icheja para cumplir con la instrucci\u00f3n del gobernador del estado, Eduardo Ram\u00edrez Aguilar, de concretar la instalaci\u00f3n de las unidades de igualdad de g\u00e9nero en cada una de las instituciones para la prevenci\u00f3n en temas relacionados con alg\u00fan tipo de violencia laboral, sexual, acoso u hostigamiento, as\u00ed como el fomento de los derechos humanos tanto de hombres y mujeres.<\/p>\n<p>&nbsp;<\/p>\n<p>Al hacer uso de la palabra, Sergio David Molina G\u00f3mez, director general del Icheja, expres\u00f3 la importancia de trabajar en conjunto reforzando as\u00ed las acciones en temas del combate al rezago educativos, pero tambi\u00e9n de equidad de g\u00e9nero, imprescindibles, -dijo- para la actual administraci\u00f3n.<\/p>\n<p>&nbsp;<\/p>\n<p>En este contexto, felicit\u00f3 y a su vez exhort\u00f3 a las personas responsables de la reci\u00e9n instalada Unidad de Enlace de Igualdad de G\u00e9nero para trabajar y dar cumplimiento a los<\/p>\n<p>2 \/ 2<\/p>\n<p>compromisos que representan sus cargos, sin omitir situaci\u00f3n alguna respecto a la atenci\u00f3n que requieran las mujeres que conforman el Icheja.<\/p>\n<p>&nbsp;<\/p>\n<p>Por otro lado, Molina G\u00f3mez celebr\u00f3 la decisi\u00f3n de Dulce Mar\u00eda Rodr\u00edguez Ovando, titular de la Semuigen, de inscribirse como Asesora Educativa Voluntaria en el marco del Programa de Alfabetizaci\u00f3n Chiapas Puede.<\/p>\n<p>&nbsp;<\/p>\n<p>Autoridades de ambas dependencias destacaron la importancia de la educaci\u00f3n como una herramienta fundamental para el desarrollo personal y profesional de las mujeres. Asimismo, se enfatiz\u00f3 la necesidad de continuar generando pol\u00edticas p\u00fablicas que contribuyan a la eliminaci\u00f3n de desigualdades y permitan el acceso a mejores oportunidades.<\/p>\n<p>&nbsp;<\/p>\n<p>Con la instalaci\u00f3n de la Unidad de Enlace de Igualdad de G\u00e9nero se reforzar\u00e1n estrategias que permitan atender, canalizar y dar seguimiento a casos relacionados con la equidad de g\u00e9nero dentro del \u00e1mbito educativo, asegurando as\u00ed un entorno m\u00e1s inclusivo y libre de violencia.<\/p>\n<p>&nbsp;<\/p>\n<p>En este evento se cont\u00f3 con la participaci\u00f3n de: Araceli Palula Gonz\u00e1lez, coordinadora de las Unidades de Igualdad de G\u00e9nero de la Semuigen; Wadie Jos\u00e9 Rabban Castell, jefe del Departamento de Administraci\u00f3n; Luis Manuel Gonz\u00e1lez Trejo, jefe del Departamento de Planeaci\u00f3n y Seguimiento Operativo del Icheja; H\u00e9ctor Abraham Rodr\u00edguez Gonz\u00e1lez, comisario del Icheja; Florentino G\u00f3mez Castro, coordinador de la Unidad de Concertaci\u00f3n y Difusi\u00f3n; H\u00e9ctor Buend\u00eda de Le\u00f3n, responsable estatal de Plazas Comunitaria del Icheja; y Mar\u00eda Biridiana Dom\u00ednguez Herrera, coordinadora de Unidad de Recursos Humanos del Icheja.<\/p>\n<p>&nbsp;<\/p>\n","protected":false},"excerpt":{"rendered":"<p>&nbsp; \u2022 Se instal\u00f3 la Unidad de Enlace de Igualdad de G\u00e9nero del Icheja &nbsp;&#8230;<\/p>\n","protected":false},"author":2,"featured_media":31934,"comment_status":"closed","ping_status":"closed","sticky":false,"template":"","format":"standard","meta":{"_joinchat":[],"footnotes":""},"categories":[18,1,2,3],"tags":[],"class_list":["post-31933","post","type-post","status-publish","format-standard","has-post-thumbnail","hentry","category-almomento","category-boletin","category-estado","category-health"],"_links":{"self":[{"href":"https:\/\/icoinformativo.mx\/home\/index.php?rest_route=\/wp\/v2\/posts\/31933","targetHints":{"allow":["GET"]}}],"collection":[{"href":"https:\/\/icoinformativo.mx\/home\/index.php?rest_route=\/wp\/v2\/posts"}],"about":[{"href":"https:\/\/icoinformativo.mx\/home\/index.php?rest_route=\/wp\/v2\/types\/post"}],"author":[{"embeddable":true,"href":"https:\/\/icoinformativo.mx\/home\/index.php?rest_route=\/wp\/v2\/users\/2"}],"replies":[{"embeddable":true,"href":"https:\/\/icoinformativo.mx\/home\/index.php?rest_route=%2Fwp%2Fv2%2Fcomments&post=31933"}],"version-history":[{"count":1,"href":"https:\/\/icoinformativo.mx\/home\/index.php?rest_route=\/wp\/v2\/posts\/31933\/revisions"}],"predecessor-version":[{"id":31935,"href":"https:\/\/icoinformativo.mx\/home\/index.php?rest_route=\/wp\/v2\/posts\/31933\/revisions\/31935"}],"wp:featuredmedia":[{"embeddable":true,"href":"https:\/\/icoinformativo.mx\/home\/index.php?rest_route=\/wp\/v2\/media\/31934"}],"wp:attachment":[{"href":"https:\/\/icoinformativo.mx\/home\/index.php?rest_route=%2Fwp%2Fv2%2Fmedia&parent=31933"}],"wp:term":[{"taxonomy":"category","embeddable":true,"href":"https:\/\/icoinformativo.mx\/home\/index.php?rest_route=%2Fwp%2Fv2%2Fcategories&post=31933"},{"taxonomy":"post_tag","embeddable":true,"href":"https:\/\/icoinformativo.mx\/home\/index.php?rest_route=%2Fwp%2Fv2%2Ftags&post=31933"}],"curies":[{"name":"wp","href":"https:\/\/api.w.org\/{rel}","templated":true}]}}