{"id":31930,"date":"2025-03-27T02:50:01","date_gmt":"2025-03-27T02:50:01","guid":{"rendered":"https:\/\/icoinformativo.mx\/home\/?p=31930"},"modified":"2025-03-27T02:50:01","modified_gmt":"2025-03-27T02:50:01","slug":"icatech-certificara-la-formacion-de-bomberos-en-tuxtla-gutierrez","status":"publish","type":"post","link":"https:\/\/icoinformativo.mx\/home\/?p=31930","title":{"rendered":"Icatech certificar\u00e1 la formaci\u00f3n de bomberos en Tuxtla Guti\u00e9rrez"},"content":{"rendered":"<p>&nbsp;<\/p>\n<p>\u00b7 Se firm\u00f3 un convenio de colaboraci\u00f3n para la capacitaci\u00f3n y certificaci\u00f3n del Heroico Cuerpo de Bomberos de Tuxtla Guti\u00e9rrez<\/p>\n<p>&nbsp;<\/p>\n<p>En un acto significativo para la profesionalizaci\u00f3n del Heroico Cuerpo de Bomberos de Tuxtla Guti\u00e9rrez, el director general del Instituto de Capacitaci\u00f3n y Vinculaci\u00f3n Tecnol\u00f3gica del Estado de Chiapas (Icatech), C\u00e9sar Espinosa Morales, destac\u00f3 la importancia de la formaci\u00f3n continua en este sector.<\/p>\n<p>&nbsp;<\/p>\n<p>\u00abLos bomberos son verdaderos h\u00e9roes que arriesgan sus vidas para protegernos en situaciones de emergencia. Pero, m\u00e1s all\u00e1 del valor y la vocaci\u00f3n, su labor requiere preparaci\u00f3n y actualizaci\u00f3n constante\u00bb, expres\u00f3.<\/p>\n<p>&nbsp;<\/p>\n<p>El convenio firmado entre el Icatech y el Heroico Cuerpo de Bomberos de Tuxtla Guti\u00e9rrez tiene como objetivo brindar capacitaciones especializadas que refuercen y actualicen los conocimientos y habilidades del personal en diversas \u00e1reas. Entre los temas que se abordar\u00e1n destacan t\u00e9cnicas avanzadas de rescate, primeros auxilios, manejo de incendios y otras competencias clave para el desarrollo de su labor.<\/p>\n<p>&nbsp;<\/p>\n<p>Este acuerdo representa un paso significativo dentro de la Nueva Era del Icatech, en la que se busca fortalecer el desempe\u00f1o de los servicios p\u00fablicos mediante la capacitaci\u00f3n constante.<\/p>\n<p>&nbsp;<\/p>\n<p>\u00abAgradezco el compromiso y la dedicaci\u00f3n de los bomberos, y reafirmo nuestro apoyo para seguir trabajando juntos por un entorno m\u00e1s seguro\u00bb, concluy\u00f3 Espinosa Morales.<\/p>\n<p>&nbsp;<\/p>\n","protected":false},"excerpt":{"rendered":"<p>&nbsp; \u00b7 Se firm\u00f3 un convenio de colaboraci\u00f3n para la capacitaci\u00f3n y certificaci\u00f3n del Heroico&#8230;<\/p>\n","protected":false},"author":2,"featured_media":31931,"comment_status":"closed","ping_status":"closed","sticky":false,"template":"","format":"standard","meta":{"_joinchat":[],"footnotes":""},"categories":[18,1,2,3],"tags":[],"class_list":["post-31930","post","type-post","status-publish","format-standard","has-post-thumbnail","hentry","category-almomento","category-boletin","category-estado","category-health"],"_links":{"self":[{"href":"https:\/\/icoinformativo.mx\/home\/index.php?rest_route=\/wp\/v2\/posts\/31930","targetHints":{"allow":["GET"]}}],"collection":[{"href":"https:\/\/icoinformativo.mx\/home\/index.php?rest_route=\/wp\/v2\/posts"}],"about":[{"href":"https:\/\/icoinformativo.mx\/home\/index.php?rest_route=\/wp\/v2\/types\/post"}],"author":[{"embeddable":true,"href":"https:\/\/icoinformativo.mx\/home\/index.php?rest_route=\/wp\/v2\/users\/2"}],"replies":[{"embeddable":true,"href":"https:\/\/icoinformativo.mx\/home\/index.php?rest_route=%2Fwp%2Fv2%2Fcomments&post=31930"}],"version-history":[{"count":1,"href":"https:\/\/icoinformativo.mx\/home\/index.php?rest_route=\/wp\/v2\/posts\/31930\/revisions"}],"predecessor-version":[{"id":31932,"href":"https:\/\/icoinformativo.mx\/home\/index.php?rest_route=\/wp\/v2\/posts\/31930\/revisions\/31932"}],"wp:featuredmedia":[{"embeddable":true,"href":"https:\/\/icoinformativo.mx\/home\/index.php?rest_route=\/wp\/v2\/media\/31931"}],"wp:attachment":[{"href":"https:\/\/icoinformativo.mx\/home\/index.php?rest_route=%2Fwp%2Fv2%2Fmedia&parent=31930"}],"wp:term":[{"taxonomy":"category","embeddable":true,"href":"https:\/\/icoinformativo.mx\/home\/index.php?rest_route=%2Fwp%2Fv2%2Fcategories&post=31930"},{"taxonomy":"post_tag","embeddable":true,"href":"https:\/\/icoinformativo.mx\/home\/index.php?rest_route=%2Fwp%2Fv2%2Ftags&post=31930"}],"curies":[{"name":"wp","href":"https:\/\/api.w.org\/{rel}","templated":true}]}}