{"id":31924,"date":"2025-03-27T02:04:44","date_gmt":"2025-03-27T02:04:44","guid":{"rendered":"https:\/\/icoinformativo.mx\/home\/?p=31924"},"modified":"2025-03-27T02:04:44","modified_gmt":"2025-03-27T02:04:44","slug":"coneculta-conmemora-el-natalicio-del-poeta-jaime-sabines-y-el-25-aniversario-del-cccjs","status":"publish","type":"post","link":"https:\/\/icoinformativo.mx\/home\/?p=31924","title":{"rendered":"Coneculta conmemora el natalicio del poeta Jaime Sabines y el 25 aniversario del CCCJS"},"content":{"rendered":"<p>&nbsp;<\/p>\n<p>\u00b7 Con La fiesta de Jaime, la instituci\u00f3n resalt\u00f3 la riqueza literaria y el legado del poeta<\/p>\n<p>&nbsp;<\/p>\n<p>Tuxtla Guti\u00e9rrez, Chiapas.- El Consejo Estatal para las Culturas y las Artes de Chiapas (Coneculta), conmemor\u00f3 con La fiesta de Jaime el 99\u00b0 aniversario del natalicio de Jaime Sabines (25 de marzo de 1926), y el 25\u00b0 aniversario de la creaci\u00f3n del Centro Cultural de Chiapas Jaime Sabines (CCCJS).<\/p>\n<p>Como parte de esta celebraci\u00f3n se llev\u00f3 a cabo una serie de actividades interdisciplinarias en el Corredor Tarumba, con el fin de resaltar el valor literario del poeta nacido en Tuxtla Guti\u00e9rrez, miembro de la Generaci\u00f3n de Medio Siglo y autor de Horal, Tarumba y Algo sobre la muerte del mayor Sabines.<\/p>\n<p>Con la participaci\u00f3n de los inscritos en los talleres que se imparten en ese recinto, el p\u00fablico disfrut\u00f3 de la lectura de poemas de uno de los poetas m\u00e1s importantes de M\u00e9xico del siglo XX, adem\u00e1s de cuentacuentos y presentaciones de ballet, danza folcl\u00f3rica, danza contempor\u00e1nea y danz\u00f3n, as\u00ed como un concierto marimb\u00edstico.<\/p>\n<p>Durante esta conmemoraci\u00f3n, Ang\u00e9lica Altuzar Constantino, directora general del Coneculta, enfatiz\u00f3 que cuando muere un escritor o una poeta nos sentimos desolados: \u201cJaime Sabines dijo que el amor es lo \u00faltimo, lo eterno y permanente. As\u00ed, permanente, es la obra de este poeta. No solo ha sido c\u00f3mplice de los enamorados a trav\u00e9s de sus letras, sino que nos hered\u00f3 una de las eleg\u00edas de la lengua, un poema de largo aliento: Algo sobre la muerte del mayor Sabines\u201d, mencion\u00f3.<\/p>\n<p>Asimismo, se\u00f1al\u00f3 que, seg\u00fan Eraclio Zepeda, Jaime Sabines es uno de esos poetas que surgen cada 500 a\u00f1os: \u201cChiapaneco, pero tambi\u00e9n universal, cotidiano, trascendente, amoroso, dolorido, recio y, a la vez, tierno; y hoy estar\u00eda celebrando 99 a\u00f1os, rodeado de todos nosotros, sus amorosos lectores\u201d.<\/p>\n<p>Altuzar Constantino a\u00f1adi\u00f3 que la obra de Sabines habla de los amores que duelen, de las pesadumbres, ya que escribe sobre el amor con pasi\u00f3n y, en otras ocasiones, con ternura.<\/p>\n<p>\u201cNo dudo que seguiremos busc\u00e1ndolo para recordar que los amorosos est\u00e1n solos, llorando a cada rato porque no salvan al amor. Su obra es una constelaci\u00f3n, una constelaci\u00f3n de hallazgos verbales, de sabidur\u00eda cifrada en verso, como leemos en los libros sagrados, a los que volv\u00eda como poeta, como humano, en busca de una voz o de un silencio c\u00f3mplice, de un b\u00e1lsamo y de un remanso para el coraz\u00f3n\u201d, concluy\u00f3.<\/p>\n<p>Por su parte, Hunab Mandujano, director del CCCJS, destac\u00f3 que este recinto se fund\u00f3 el 3 de abril del a\u00f1o 2000, en el lugar donde anteriormente se encontraba la Escuela Secundaria T\u00e9cnica N\u00famero 2.<\/p>\n<p>2 \/ 2<\/p>\n<p>Indic\u00f3 que este espacio es formador de infancias y juventudes, de artistas, p\u00fablicos y personas que aprecian el arte y la cultura, con talleres formativos en diversas disciplinas: Baile Moderno, Danza Folcl\u00f3rica, Danz\u00f3n, Ballet Infantil, Ballet para adultos, Danza contempor\u00e1nea, Lengua zoque, Arte terapia, ingl\u00e9s, Encuadernaci\u00f3n, Guitarra, Canto, Piano, Marimba, Fotograf\u00eda, Teatro, Artes pl\u00e1sticas, Dibujo b\u00e1sico y c\u00f3mic.<\/p>\n<p>Asimismo, invit\u00f3 a las y los interesados a inscribirse en la Escuela de Iniciaci\u00f3n Art\u00edstica Asociada al Instituto Nacional de Bellas Artes y Literatura, que imparte clases de Teatro, Danza, M\u00fasica y Artes Pl\u00e1sticas y Visuales.<\/p>\n<p>El director del Centro Cultural inform\u00f3 que este espacio cultural tambi\u00e9n es un generador de encuentros, di\u00e1logos y presentaciones realizadas en la Galer\u00eda de Arte Contempor\u00e1neo, el Corredor Tarumba, el \u00c1gora y el Auditorio General.<\/p>\n<p>\u201cNos toca darle vida al Centro Cultural; con su presencia en este d\u00eda, aportamos al arte y la cultura. Al igual que la t\u00eda Chofi, los chiapanecos tenemos nuestra propia t\u00eda Chofi, solo que, en vez de ojos, tiene ventanas; ventanas abiertas para recibir a las infancias de Chiapas en este espacio\u201d, puntualiz\u00f3.<\/p>\n<p>&nbsp;<\/p>\n","protected":false},"excerpt":{"rendered":"<p>&nbsp; \u00b7 Con La fiesta de Jaime, la instituci\u00f3n resalt\u00f3 la riqueza literaria y el&#8230;<\/p>\n","protected":false},"author":2,"featured_media":31925,"comment_status":"closed","ping_status":"closed","sticky":false,"template":"","format":"standard","meta":{"_joinchat":[],"footnotes":""},"categories":[18,1,2,3],"tags":[],"class_list":["post-31924","post","type-post","status-publish","format-standard","has-post-thumbnail","hentry","category-almomento","category-boletin","category-estado","category-health"],"_links":{"self":[{"href":"https:\/\/icoinformativo.mx\/home\/index.php?rest_route=\/wp\/v2\/posts\/31924","targetHints":{"allow":["GET"]}}],"collection":[{"href":"https:\/\/icoinformativo.mx\/home\/index.php?rest_route=\/wp\/v2\/posts"}],"about":[{"href":"https:\/\/icoinformativo.mx\/home\/index.php?rest_route=\/wp\/v2\/types\/post"}],"author":[{"embeddable":true,"href":"https:\/\/icoinformativo.mx\/home\/index.php?rest_route=\/wp\/v2\/users\/2"}],"replies":[{"embeddable":true,"href":"https:\/\/icoinformativo.mx\/home\/index.php?rest_route=%2Fwp%2Fv2%2Fcomments&post=31924"}],"version-history":[{"count":1,"href":"https:\/\/icoinformativo.mx\/home\/index.php?rest_route=\/wp\/v2\/posts\/31924\/revisions"}],"predecessor-version":[{"id":31926,"href":"https:\/\/icoinformativo.mx\/home\/index.php?rest_route=\/wp\/v2\/posts\/31924\/revisions\/31926"}],"wp:featuredmedia":[{"embeddable":true,"href":"https:\/\/icoinformativo.mx\/home\/index.php?rest_route=\/wp\/v2\/media\/31925"}],"wp:attachment":[{"href":"https:\/\/icoinformativo.mx\/home\/index.php?rest_route=%2Fwp%2Fv2%2Fmedia&parent=31924"}],"wp:term":[{"taxonomy":"category","embeddable":true,"href":"https:\/\/icoinformativo.mx\/home\/index.php?rest_route=%2Fwp%2Fv2%2Fcategories&post=31924"},{"taxonomy":"post_tag","embeddable":true,"href":"https:\/\/icoinformativo.mx\/home\/index.php?rest_route=%2Fwp%2Fv2%2Ftags&post=31924"}],"curies":[{"name":"wp","href":"https:\/\/api.w.org\/{rel}","templated":true}]}}