{"id":31921,"date":"2025-03-27T01:56:10","date_gmt":"2025-03-27T01:56:10","guid":{"rendered":"https:\/\/icoinformativo.mx\/home\/?p=31921"},"modified":"2025-03-27T01:56:10","modified_gmt":"2025-03-27T01:56:10","slug":"sofia-espinoza-atestigua-puesta-en-marcha-de-la-estrategia-nacional-vive-saludable-vive-feliz-en-chiapas","status":"publish","type":"post","link":"https:\/\/icoinformativo.mx\/home\/?p=31921","title":{"rendered":"Sof\u00eda Espinoza atestigua puesta en marcha de la Estrategia Nacional: \u00abVive Saludable, Vive Feliz\u201d en Chiapas"},"content":{"rendered":"<p>&nbsp;<\/p>\n<p>DIF, IMSS y secretar\u00edas de Educaci\u00f3n y Salud suman esfuerzos para garantizar el bienestar y la salud de las ni\u00f1as y los ni\u00f1os de la entidad<\/p>\n<p>&nbsp;<\/p>\n<p>&nbsp;<\/p>\n<p>Tuxtla Guti\u00e9rrez.- La se\u00f1ora Sof\u00eda Espinoza Abarca, acompa\u00f1ada de representantes del DIF, IMSS, Secretar\u00eda de Educaci\u00f3n y Secretar\u00eda de Salud, acudi\u00f3 este mi\u00e9rcoles a la Escuela Primaria \u00abFrancisco I. Madero\u00bb, con sede en esta ciudad capital, a fin de presenciar la puesta en marcha de la Estrategia Nacional: \u00abVive Saludable, Vive Feliz\u00bb en las escuelas de educaci\u00f3n primaria de la entidad.<\/p>\n<p>&nbsp;<\/p>\n<p>En ese marco, Sof\u00eda Espinoza realiz\u00f3 un recorrido por este plantel que dirige Miriam del Pilar Guti\u00e9rrez Lugo y que alberga a 425 estudiantes; visitando cada una de las \u00e1reas donde se llevaron a cabo diversas actividades para monitorear el peso, talla, agudeza visual y salud bucal de las y los alumnos, as\u00ed como pl\u00e1ticas para promover un estilo de vida saludable.<\/p>\n<p>&nbsp;<\/p>\n<p>Acompa\u00f1ada por Hugo Campos Flores, director de Educacion B\u00e1sica, en representaci\u00f3n del secretario de Educaci\u00f3n, Roger Mandujano Ayala, Espinoza Abarca salud\u00f3 con mucho entusiasmo a la comunidad estudiantil y se congratul\u00f3 por la puesta en marcha de este programa por parte de la presidenta Claudia Sheinbaum a quien le reconoci\u00f3 su liderazgo, cari\u00f1o y, primordialmente, el amor hacia las y los ni\u00f1os y las personas adultas mayores.<\/p>\n<p>&nbsp;<\/p>\n<p>Comparti\u00f3 con las y los estudiantes que este proyecto, impulsado por el Gobierno Federal e instrumentado por el Ejecutivo estatal, busca garantizar el bienestar y la salud de la ni\u00f1ez, mediante acciones orientadas a la promoci\u00f3n de h\u00e1bitos saludables; en este sentido, los invit\u00f3 a prestar mucha atenci\u00f3n a todas las recomendaciones, especialmente a las del cuidado de su higiene y alimentaci\u00f3n, as\u00ed como a comunic\u00e1rselas a sus madres y padres para que se extiendan a toda la familia.<\/p>\n<p>&nbsp;<\/p>\n<p>Espinoza Abarca exhort\u00f3 al alumnado a alejarse de todo lo que hace da\u00f1o a la mente, el cuerpo y el alma, a compartir con sus madres y padres todo lo que les inquiete, preocupe o les haga sentir inseguros y a reconocer en sus maestras y maestros a figuras aliadas que les brindan todo su tiempo, cari\u00f1o y respaldo.<\/p>\n<p>&nbsp;<\/p>\n<p>Finalmente, la se\u00f1ora Sof\u00eda invit\u00f3 a toda la comunidad a brindar un aplauso a las y los docentes de Chiapas por su invaluable compromiso y gran labor.<\/p>\n<p>&nbsp;<\/p>\n","protected":false},"excerpt":{"rendered":"<p>&nbsp; DIF, IMSS y secretar\u00edas de Educaci\u00f3n y Salud suman esfuerzos para garantizar el bienestar&#8230;<\/p>\n","protected":false},"author":2,"featured_media":31922,"comment_status":"closed","ping_status":"closed","sticky":false,"template":"","format":"standard","meta":{"_joinchat":[],"footnotes":""},"categories":[18,1,2,3],"tags":[],"class_list":["post-31921","post","type-post","status-publish","format-standard","has-post-thumbnail","hentry","category-almomento","category-boletin","category-estado","category-health"],"_links":{"self":[{"href":"https:\/\/icoinformativo.mx\/home\/index.php?rest_route=\/wp\/v2\/posts\/31921","targetHints":{"allow":["GET"]}}],"collection":[{"href":"https:\/\/icoinformativo.mx\/home\/index.php?rest_route=\/wp\/v2\/posts"}],"about":[{"href":"https:\/\/icoinformativo.mx\/home\/index.php?rest_route=\/wp\/v2\/types\/post"}],"author":[{"embeddable":true,"href":"https:\/\/icoinformativo.mx\/home\/index.php?rest_route=\/wp\/v2\/users\/2"}],"replies":[{"embeddable":true,"href":"https:\/\/icoinformativo.mx\/home\/index.php?rest_route=%2Fwp%2Fv2%2Fcomments&post=31921"}],"version-history":[{"count":1,"href":"https:\/\/icoinformativo.mx\/home\/index.php?rest_route=\/wp\/v2\/posts\/31921\/revisions"}],"predecessor-version":[{"id":31923,"href":"https:\/\/icoinformativo.mx\/home\/index.php?rest_route=\/wp\/v2\/posts\/31921\/revisions\/31923"}],"wp:featuredmedia":[{"embeddable":true,"href":"https:\/\/icoinformativo.mx\/home\/index.php?rest_route=\/wp\/v2\/media\/31922"}],"wp:attachment":[{"href":"https:\/\/icoinformativo.mx\/home\/index.php?rest_route=%2Fwp%2Fv2%2Fmedia&parent=31921"}],"wp:term":[{"taxonomy":"category","embeddable":true,"href":"https:\/\/icoinformativo.mx\/home\/index.php?rest_route=%2Fwp%2Fv2%2Fcategories&post=31921"},{"taxonomy":"post_tag","embeddable":true,"href":"https:\/\/icoinformativo.mx\/home\/index.php?rest_route=%2Fwp%2Fv2%2Ftags&post=31921"}],"curies":[{"name":"wp","href":"https:\/\/api.w.org\/{rel}","templated":true}]}}