{"id":31914,"date":"2025-03-27T01:29:46","date_gmt":"2025-03-27T01:29:46","guid":{"rendered":"https:\/\/icoinformativo.mx\/home\/?p=31914"},"modified":"2025-03-27T01:30:42","modified_gmt":"2025-03-27T01:30:42","slug":"con-obras-de-infraestructura-se-impulsa-la-calidad-educativa-en-el-cobach","status":"publish","type":"post","link":"https:\/\/icoinformativo.mx\/home\/?p=31914","title":{"rendered":"Con obras de infraestructura se impulsa la calidad\u00a0educativa en el Cobach"},"content":{"rendered":"<blockquote>\n<div id=\"m_toolbarLayer\" class=\"layer\"><\/div>\n<\/blockquote>\n<div id=\"m_textViewLayer\" class=\"layer\">\n<div id=\"m_content\">\n<div id=\"pc1\">\n<div id=\"p1\">\n<div>\u00b7 Es prioridad del gobernador Eduardo Ram\u00edrez dignificar la pr\u00e1ctica educativa en\u00a0Chiapas, dijo el director general Miguel Prado de los Santos, en el plantel 95 Cenobio\u00a0Aguilar del municipio de Salto de Agua<\/div>\n<div><\/div>\n<div><\/div>\n<div>Salto de Agua, Chiapas; 26 de marzo 2025.- Con el fin de fortalecer la calidad de la educaci\u00f3n\u00a0que se oferta en el Colegio de Bachilleres de Chiapas (Cobach), el director general, Miguel\u00a0Prado de los Santos, encabez\u00f3 la inauguraci\u00f3n de un domo de la cancha de usos m\u00faltiples y\u00a0un aula de Laboratorio de Ciencias en el plantel 95 Cenobio Aguilar de la Coordinaci\u00f3n de\u00a0Zona Norte, en el municipio de Salto de Agua.<\/div>\n<div><\/div>\n<div>Acompa\u00f1ado del presidente municipal, Humberto S\u00e1nchez D\u00edaz, Prado de los Santos\u00a0refrend\u00f3 el compromiso del gobernador Eduardo Ram\u00edrez con la comunidad educativa del\u00a0Cobach, de trabajar en forma extraordinaria para dignificar el proceso de ense\u00f1anza\u00a0aprendizaje y enriquecer la pr\u00e1ctica educativa en beneficio de las y los j\u00f3venes chiapanecos.<\/div>\n<div><\/div>\n<div>\u201cEstamos siguiendo al pie de la letra las instrucciones del gobernador de redoblar los\u00a0esfuerzos para dar a la juventud la educaci\u00f3n de calidad que se merece y que de esta manera\u00a0puedan aspirar a un mejor nivel de vida\u201d, se\u00f1al\u00f3 en su mensaje el titular del Cobach al\u00a0dirigirse al alumnado, personal directivo, docentes y administrativos, a madres y padres de\u00a0familia, as\u00ed como a las autoridades de la comunidad.<\/div>\n<div><\/div>\n<div>Precis\u00f3 que se est\u00e1n haciendo las gestiones necesarias para impulsar el rubro de\u00a0infraestructura educativa en todos los centros escolares, con el fin de construir espacios\u00a0para un mejor desempe\u00f1o de las actividades y abonar a la eficiencia terminal de la\u00a0comunidad estudiantil, permitiendo que puedan continuar con sus estudios hasta lograr una\u00a0carrera profesional.<\/div>\n<div><\/div>\n<div>Prado de los Santos inform\u00f3 que en d\u00edas pasados sostuvo reuniones importantes con\u00a0autoridades educativas federales, en donde se plantearon las necesidades de ampliar los\u00a0recursos de la Programaci\u00f3n Detallada (Prodet), para la construcci\u00f3n de m\u00e1s espacios\u00a0educativos y con el apoyo del Gobierno del Estado muy pronto se tendr\u00e1n buenas noticias\u00a0al respecto.<\/div>\n<\/div>\n<hr class=\"pageHrV2\" \/>\n<\/div>\n<\/div>\n<\/div>\n","protected":false},"excerpt":{"rendered":"<p>\u00b7 Es prioridad del gobernador Eduardo Ram\u00edrez dignificar la pr\u00e1ctica educativa en\u00a0Chiapas, dijo el director&#8230;<\/p>\n","protected":false},"author":2,"featured_media":31915,"comment_status":"closed","ping_status":"closed","sticky":false,"template":"","format":"standard","meta":{"_joinchat":[],"footnotes":""},"categories":[18,1,2,3],"tags":[],"class_list":["post-31914","post","type-post","status-publish","format-standard","has-post-thumbnail","hentry","category-almomento","category-boletin","category-estado","category-health"],"_links":{"self":[{"href":"https:\/\/icoinformativo.mx\/home\/index.php?rest_route=\/wp\/v2\/posts\/31914","targetHints":{"allow":["GET"]}}],"collection":[{"href":"https:\/\/icoinformativo.mx\/home\/index.php?rest_route=\/wp\/v2\/posts"}],"about":[{"href":"https:\/\/icoinformativo.mx\/home\/index.php?rest_route=\/wp\/v2\/types\/post"}],"author":[{"embeddable":true,"href":"https:\/\/icoinformativo.mx\/home\/index.php?rest_route=\/wp\/v2\/users\/2"}],"replies":[{"embeddable":true,"href":"https:\/\/icoinformativo.mx\/home\/index.php?rest_route=%2Fwp%2Fv2%2Fcomments&post=31914"}],"version-history":[{"count":2,"href":"https:\/\/icoinformativo.mx\/home\/index.php?rest_route=\/wp\/v2\/posts\/31914\/revisions"}],"predecessor-version":[{"id":31917,"href":"https:\/\/icoinformativo.mx\/home\/index.php?rest_route=\/wp\/v2\/posts\/31914\/revisions\/31917"}],"wp:featuredmedia":[{"embeddable":true,"href":"https:\/\/icoinformativo.mx\/home\/index.php?rest_route=\/wp\/v2\/media\/31915"}],"wp:attachment":[{"href":"https:\/\/icoinformativo.mx\/home\/index.php?rest_route=%2Fwp%2Fv2%2Fmedia&parent=31914"}],"wp:term":[{"taxonomy":"category","embeddable":true,"href":"https:\/\/icoinformativo.mx\/home\/index.php?rest_route=%2Fwp%2Fv2%2Fcategories&post=31914"},{"taxonomy":"post_tag","embeddable":true,"href":"https:\/\/icoinformativo.mx\/home\/index.php?rest_route=%2Fwp%2Fv2%2Ftags&post=31914"}],"curies":[{"name":"wp","href":"https:\/\/api.w.org\/{rel}","templated":true}]}}